{"id":12559,"date":"2020-11-11T14:46:53","date_gmt":"2020-11-11T13:46:53","guid":{"rendered":"https:\/\/www.officina-paris.fr\/blog\/?p=12559"},"modified":"2024-11-01T23:37:17","modified_gmt":"2024-11-01T22:37:17","slug":"peau-seche-ou-peau-deshydratee-comment-les-differencier","status":"publish","type":"post","link":"https:\/\/www.officina-paris.fr\/blog\/peau-seche-ou-peau-deshydratee-comment-les-differencier","title":{"rendered":"Peau s\u00e8che ou peau d\u00e9shydrat\u00e9e : nourrir ou hydrater ?"},"content":{"rendered":"\n<p>La diff\u00e9rence entre une peau s\u00e8che et une peau d\u00e9shydrat\u00e9e ? La peau s\u00e8che a faim, tandis que la peau d\u00e9shydrat\u00e9e a soif. Autrement dit, <strong>l\u2019une manque de gras et l\u2019autre manque d&rsquo;eau<\/strong>.<\/p>\n\n\n\n<p><strong>La peau s\u00e8che est un type de peau<\/strong>, au m\u00eame titre qu&rsquo;une peau grasse ou une peau mixte. La peau s\u00e8che est une caract\u00e9ristique de peau qui d\u00e9pend de facteurs internes et qui ne peut pas \u00eatre modifi\u00e9e. En revanche, le confort de la peau s\u00e8che peut \u00eatre am\u00e9lior\u00e9e. L&rsquo;utilisation de produits sp\u00e9cifiques pour les peaux s\u00e8ches permettra de soulages les sensations d&rsquo;inconfort.<\/p>\n\n\n\n<p>\u00c0 l&rsquo;inverse,<strong> la d\u00e9shydratation de la peau est un \u00e9tat passager<\/strong>, qui peut s\u2019en affranchir apr\u00e8s l\u2019application de produits adapt\u00e9s. La peau d\u00e9shydrat\u00e9e est un \u00e9tat qui peut un jour affecter tous les types de peau, m\u00eames les peaux s\u00e8ches, et ce pour plusieurs raisons: le froid, le stress, la pollution, la consommation d&rsquo;alcool, de tabac ou de m\u00e9dicaments, une eau trop dure, le vent, l&rsquo;air trop sec des int\u00e9rieurs surchauff\u00e9s en hiver des <a href=\"https:\/\/laveritesurlescosmetiques.com\/anciens-articles\/themen2012_08.php\" target=\"_blank\" rel=\"noreferrer noopener\">tensioactifs trop forts<\/a>&#8230;<\/p>\n\n\n\n<h5>Mais comment savoir si la peau a besoin d\u2019eau ou d\u2019huile&nbsp;?<\/h5>\n\n\n\n<figure class=\"wp-block-image alignfull size-full cursor: grab;\"><a href=\"https:\/\/www.officina-paris.fr\/fr\/89-peau-seche\"><img loading=\"lazy\" width=\"900\" height=\"500\" src=\"https:\/\/www.officina-paris.fr\/blog\/wp-content\/uploads\/2020\/11\/beaute-bio-lofficina-paris-peau-seche-naturel-eau.jpg\" alt=\"Soin visage bio peau s\u00e8che d\u00e9shydrat\u00e9e l'Officina Paris boutique en ligne\" class=\"wp-image-12569\" srcset=\"https:\/\/www.officina-paris.fr\/blog\/wp-content\/uploads\/2020\/11\/beaute-bio-lofficina-paris-peau-seche-naturel-eau.jpg 900w, https:\/\/www.officina-paris.fr\/blog\/wp-content\/uploads\/2020\/11\/beaute-bio-lofficina-paris-peau-seche-naturel-eau-300x167.jpg 300w, https:\/\/www.officina-paris.fr\/blog\/wp-content\/uploads\/2020\/11\/beaute-bio-lofficina-paris-peau-seche-naturel-eau-768x427.jpg 768w\" sizes=\"(max-width: 900px) 100vw, 900px\" \/><\/a><\/figure>\n\n\n\n<h2>La peau s\u00e8che<\/h2>\n\n\n\n<p>C&rsquo;est une peau qui ne produit pas assez de corps gras. La barri\u00e8re cutan\u00e9e (le film hydrolipidique) est alt\u00e9r\u00e9e voire inexistante. Le r\u00e9sultat: la peau manque de lipides et elle a une tendance \u00e0 la d\u00e9shydratation. Et l\u00e0 c\u2019est alors double peine: peau s\u00e8che et d\u00e9shydrat\u00e9e.<\/p>\n\n\n\n<p>Vous avez probablement une peau s\u00e8che si:<\/p>\n\n\n\n<ul><li>la peau tire en continu<\/li><li>la peau est fine et r\u00eache; elle manque souvent de douceur sur l\u2019ensemble du visage.<\/li><li>les pores sont quasi invisibles mais le teint est souvent terne.<\/li><li>la peau pr\u00e9sente des plaques de s\u00e9cheresse visibles: desquamations, la peau qui p\u00e8le, dartres.<\/li><\/ul>\n\n\n\n<h4>Comment prendre soin de la peau s\u00e8che du visage ?<\/h4>\n\n\n\n<h6>Nourrir la peau s\u00e8che avec du gras v\u00e9g\u00e9tal.<\/h6>\n\n\n\n<p>Si vous avez la&nbsp;<strong>peau du visage s\u00e8che<\/strong>&nbsp;optez pour des cr\u00e8me nourrissantes, riches en lipides, pour restaurer le film hydrolipidique qui est d\u00e9faillant. <strong>Beurre de karit\u00e9<\/strong>, s\u00e9rums ou <strong>huiles v\u00e9g\u00e9tales<\/strong> et <strong>masques nutritifs<\/strong> sont de pr\u00e9cieux alli\u00e9s des peaux s\u00e8ches.<\/p>\n\n\n\n<figure class=\"wp-block-image alignwide size-full cursor: grab;\"><a href=\"https:\/\/www.officina-paris.fr\/fr\/clemence-vivien\/1335-huile-de-soin-peaux-seches-bio.html\"><img loading=\"lazy\" width=\"800\" height=\"958\" src=\"https:\/\/www.officina-paris.fr\/blog\/wp-content\/uploads\/2020\/11\/clemence-et-vivien-huile-de-soin-peaux-seches-jaune.jpg\" alt=\"CL\u00c9MENCE &amp; VIVIEN\nHuile de Soin Peaux S\u00e8ches bio l'Officina Paris boutique en ligne\" class=\"wp-image-12572\" srcset=\"https:\/\/www.officina-paris.fr\/blog\/wp-content\/uploads\/2020\/11\/clemence-et-vivien-huile-de-soin-peaux-seches-jaune.jpg 800w, https:\/\/www.officina-paris.fr\/blog\/wp-content\/uploads\/2020\/11\/clemence-et-vivien-huile-de-soin-peaux-seches-jaune-251x300.jpg 251w, https:\/\/www.officina-paris.fr\/blog\/wp-content\/uploads\/2020\/11\/clemence-et-vivien-huile-de-soin-peaux-seches-jaune-768x920.jpg 768w\" sizes=\"(max-width: 800px) 100vw, 800px\" \/><\/a><figcaption><a href=\"https:\/\/www.officina-paris.fr\/fr\/clemence-vivien\/1335-huile-de-soin-peaux-seches-bio.html\">Huile de Soin bio Peaux S\u00e8ches<br>CL\u00c9MENCE &amp; VIVIEN<\/a><\/figcaption><\/figure>\n\n\n\n<div class=\"wp-container-1 is-content-justification-center wp-block-buttons\">\n<div class=\"wp-block-button\"><a class=\"wp-block-button__link\" href=\"https:\/\/www.officina-paris.fr\/fr\/clemence-vivien\/1335-huile-de-soin-peaux-seches-bio.html\">voir le produit<\/a><\/div>\n<\/div>\n\n\n<div class=\"wp-block-image cursor: grab;\">\n<figure class=\"aligncenter size-full\"><a href=\"https:\/\/www.officina-paris.fr\/fr\/joveda-cosmetique-ayurvedique\/611-creme-hydratante-au-karite.html\"><img loading=\"lazy\" width=\"840\" height=\"1000\" src=\"https:\/\/www.officina-paris.fr\/blog\/wp-content\/uploads\/2020\/11\/creme-hydratante-au-karite-2.jpg\" alt=\"Cr\u00e8me Hydratante au Karit\u00e9 JOVEDA boutique en ligne l'Officina Paris\" class=\"wp-image-16051\" srcset=\"https:\/\/www.officina-paris.fr\/blog\/wp-content\/uploads\/2020\/11\/creme-hydratante-au-karite-2.jpg 840w, https:\/\/www.officina-paris.fr\/blog\/wp-content\/uploads\/2020\/11\/creme-hydratante-au-karite-2-252x300.jpg 252w, https:\/\/www.officina-paris.fr\/blog\/wp-content\/uploads\/2020\/11\/creme-hydratante-au-karite-2-768x914.jpg 768w\" sizes=\"(max-width: 840px) 100vw, 840px\" \/><\/a><figcaption><a href=\"https:\/\/www.officina-paris.fr\/fr\/joveda-cosmetique-ayurvedique\/611-creme-hydratante-au-karite.html\">Cr\u00e8me Hydratante au Karit\u00e9 <br>JOVEDA cosm\u00e9tiques<\/a><\/figcaption><\/figure><\/div>\n\n\n<div class=\"wp-container-2 is-content-justification-center wp-block-buttons\">\n<div class=\"wp-block-button\"><a class=\"wp-block-button__link\" href=\"https:\/\/www.officina-paris.fr\/fr\/joveda-cosmetique-ayurvedique\/611-creme-hydratante-au-karite.html\">voir le produit<\/a><\/div>\n<\/div>\n\n\n\n<figure class=\"wp-block-image aligncenter size-full cursor: grab;\"><a href=\"https:\/\/www.officina-paris.fr\/fr\/joveda-cosmetique-ayurvedique\/929-masque-anti-age-au-miel.html\"><img loading=\"lazy\" width=\"800\" height=\"800\" src=\"https:\/\/www.officina-paris.fr\/blog\/wp-content\/uploads\/2020\/11\/joveda-masque-au-miel-peau-seche-naturel.jpg\" alt=\"JOVEDA\nMasque Anti-\u00e2ge au Miel l'Officina Paris boutique en ligne\" class=\"wp-image-12574\" srcset=\"https:\/\/www.officina-paris.fr\/blog\/wp-content\/uploads\/2020\/11\/joveda-masque-au-miel-peau-seche-naturel.jpg 800w, https:\/\/www.officina-paris.fr\/blog\/wp-content\/uploads\/2020\/11\/joveda-masque-au-miel-peau-seche-naturel-300x300.jpg 300w, https:\/\/www.officina-paris.fr\/blog\/wp-content\/uploads\/2020\/11\/joveda-masque-au-miel-peau-seche-naturel-150x150.jpg 150w, https:\/\/www.officina-paris.fr\/blog\/wp-content\/uploads\/2020\/11\/joveda-masque-au-miel-peau-seche-naturel-768x768.jpg 768w\" sizes=\"(max-width: 800px) 100vw, 800px\" \/><\/a><figcaption><a href=\"https:\/\/www.officina-paris.fr\/fr\/joveda-cosmetique-ayurvedique\/929-masque-anti-age-au-miel.html\">Masque Anti-\u00c2ge au Miel<br>JOVEDA cosm\u00e9tiques<\/a><\/figcaption><\/figure>\n\n\n\n<div class=\"wp-container-3 is-content-justification-center wp-block-buttons\">\n<div class=\"wp-block-button\"><a class=\"wp-block-button__link\" href=\"https:\/\/www.officina-paris.fr\/fr\/joveda-cosmetique-ayurvedique\/929-masque-anti-age-au-miel.html\">voir le produit<\/a><\/div>\n<\/div>\n\n\n\n<p>Les beurres v\u00e9g\u00e9taux sont tr\u00e8s efficaces si le probl\u00e8me est plus prononc\u00e9e. Le c\u00e9l\u00e8bre <strong>beurre de karit\u00e9 <\/strong>est une solution naturelle pour lutter contre les tiraillements et la \u00ab&nbsp;peau de crocodile&nbsp;\u00bb. Les peaux s\u00e8ches appr\u00e9cient aussi particuli\u00e8rement les formules onctueuses, comme des <strong>baumes<\/strong>.<\/p>\n\n\n\n<figure class=\"wp-block-image aligncenter size-full cursor: grab;\"><a href=\"https:\/\/www.officina-paris.fr\/fr\/clemence-vivien\/1200-baume-multiusages-bio-parfum-lait-d-amande-150ml.html\"><img loading=\"lazy\" width=\"800\" height=\"958\" src=\"https:\/\/www.officina-paris.fr\/blog\/wp-content\/uploads\/2020\/11\/clemence-et-vivien-baume-onctueux-bio-lait-amande-op.jpg\" alt=\"CL\u00c9MENCE &amp; VIVIEN\nBaume Multiusages bio Parfum Lait d'amande vegan l'Officina Paris\" class=\"wp-image-12575\" srcset=\"https:\/\/www.officina-paris.fr\/blog\/wp-content\/uploads\/2020\/11\/clemence-et-vivien-baume-onctueux-bio-lait-amande-op.jpg 800w, https:\/\/www.officina-paris.fr\/blog\/wp-content\/uploads\/2020\/11\/clemence-et-vivien-baume-onctueux-bio-lait-amande-op-251x300.jpg 251w, https:\/\/www.officina-paris.fr\/blog\/wp-content\/uploads\/2020\/11\/clemence-et-vivien-baume-onctueux-bio-lait-amande-op-768x920.jpg 768w\" sizes=\"(max-width: 800px) 100vw, 800px\" \/><\/a><figcaption><a href=\"https:\/\/www.officina-paris.fr\/fr\/clemence-vivien\/1200-baume-multiusages-bio-parfum-lait-d-amande-150ml.html\">Baume Multiusages bio Parfum Lait d&rsquo;Amande<br>CL\u00c9MENCE &amp; VIVIEN<\/a><\/figcaption><\/figure>\n\n\n\n<div class=\"wp-container-4 is-content-justification-center wp-block-buttons\">\n<div class=\"wp-block-button\"><a class=\"wp-block-button__link\" href=\"https:\/\/www.officina-paris.fr\/fr\/226-baume-onctueux\">voir les produits<\/a><\/div>\n<\/div>\n\n\n\n<h2>La peau d\u00e9shydrat\u00e9e<\/h2>\n\n\n\n<p>Vous avez probablement la peau d\u00e9shydrat\u00e9e si:<\/p>\n\n\n\n<ul><li>la peau est inconfortable et tiraille surtout apr\u00e8s le nettoyage ou quand il fait froid.<\/li><li>la peau tiraille principalement sur les joues et pommettes (alors que d&rsquo;autres zones du visage, comme la zone T peut avoir tendance \u00e0 briller).<\/li><li>la peau rougit facilement en zone chaude ou froide.<\/li><li>la peau pr\u00e9sente des ridules de d\u00e9shydratation, par exemple autour des yeux (m\u00eame avant 30 ans).<\/li><\/ul>\n\n\n\n<figure class=\"wp-block-image alignfull size-large cursor: grab;\"><a href=\"https:\/\/www.officina-paris.fr\/fr\/5-visage\"><img loading=\"lazy\" width=\"900\" height=\"500\" src=\"https:\/\/www.officina-paris.fr\/blog\/wp-content\/uploads\/2020\/11\/beaute-bio-lofficina-paris-naturel-eau-deshydratee-soin-peau.jpg\" alt=\"Peau d\u00e9shydrat\u00e9e cosm\u00e9tique bio soin visage naturel l'Officina Paris boutique en ligne\" class=\"wp-image-12586\" srcset=\"https:\/\/www.officina-paris.fr\/blog\/wp-content\/uploads\/2020\/11\/beaute-bio-lofficina-paris-naturel-eau-deshydratee-soin-peau.jpg 900w, https:\/\/www.officina-paris.fr\/blog\/wp-content\/uploads\/2020\/11\/beaute-bio-lofficina-paris-naturel-eau-deshydratee-soin-peau-300x167.jpg 300w, https:\/\/www.officina-paris.fr\/blog\/wp-content\/uploads\/2020\/11\/beaute-bio-lofficina-paris-naturel-eau-deshydratee-soin-peau-768x427.jpg 768w\" sizes=\"(max-width: 900px) 100vw, 900px\" \/><\/a><\/figure>\n\n\n\n<p><\/p>\n\n\n\n<h4>Comment r\u00e9\u00e9quilibrer une peau d\u00e9shydrat\u00e9e?<\/h4>\n\n\n\n<p>Comme son nom l\u2019indique, <strong>la peau d\u00e9shydrat\u00e9e manque d\u2019eau<\/strong>. Boire beaucoup d&rsquo;eau reste le geste le plus important pour hydrater sa peau. On s\u2019astreint \u00e0 boire 1,5 litre d\u2019eau par jour. Votre peau vous dira merci !<\/p>\n\n\n\n<p>Prendre soin de la peau d\u00e9shydrat\u00e9e commence par&nbsp;choisir un <strong>d\u00e9maquillant&nbsp;naturel<\/strong> adapt\u00e9. Optez pour des d\u00e9maquillants doux et au pH neutre et des textures grasses (huile, gel\u00e9e, baume).<\/p>\n\n\n\n<p>On choisit des&nbsp;<strong>soins riches en eau<\/strong><\/p>\n\n\n\n<ul><li>une cr\u00e8me de jour pour une hydrater la peau au quotidien et la prot\u00e9ger contre les agressions ext\u00e9rieures (vent, froid, pollution, UV\u2026)<\/li><li>un s\u00e9rum \u00e0 base d\u2019acide hyaluronique. Cette mol\u00e9cule tr\u00e8s hydratante et anti-\u00e2ge est id\u00e9ale pour att\u00e9nuer les ridules<\/li><li>un masque hydratant \u00e0 appliquer 1-2 fois par semaine<\/li><\/ul>\n\n\n\n<h6><strong>R\u00e9hydrater la peau avec des ingr\u00e9dients naturels<\/strong><\/h6>\n\n\n\n<p>Pour assouplir la peau et r\u00e9duire les ridules \u00e9ventuelles, on mise les agents humectants naturels int\u00e9gr\u00e9s dans les soins bio:<\/p>\n\n\n\n<ul><li>la <strong>glyc\u00e9rine v\u00e9g\u00e9tale<\/strong> ou <strong>l\u2019aloe vera<\/strong>, pour compl\u00e9ter l\u2019hydratation naturelle de la peau<\/li><li>l&rsquo;<strong>acide hyaluronique<\/strong> pour une injection d&rsquo;hydratation et une restauration profonde de l&rsquo;\u00e9piderme sec. En retenant l&rsquo;eau, l&rsquo;acide hyaluronique conserve une r\u00e9serve de protection pour parer \u00e0 toutes les agressions.<\/li><li>le <strong>miel<\/strong> qui au-del\u00e0 de ses propri\u00e9t\u00e9s cicatrisantes aide \u00e0 retenir l&rsquo;humidit\u00e9 au niveau cutan\u00e9.&nbsp;<\/li><li>des agents gras, comme des <strong>huiles v\u00e9g\u00e9tales<\/strong> pour retenir l&rsquo;eau dans l&rsquo;\u00e9piderme pour que la peau reste hydrat\u00e9e.&nbsp;<\/li><\/ul>\n\n\n\n<figure class=\"wp-block-image alignwide size-full cursor: grab;\"><a href=\"https:\/\/www.officina-paris.fr\/fr\/clemence-vivien\/1336-serum-desalterant-a-l-acide-hyaluronique-bio.html\"><img loading=\"lazy\" width=\"800\" height=\"958\" src=\"https:\/\/www.officina-paris.fr\/blog\/wp-content\/uploads\/2020\/11\/clemence-et-vivien-serum-acide-hyaluronique-bio-nm-new.jpg\" alt=\"S\u00e9rum D\u00e9salt\u00e9rant \u00e0 l'Acide hyaluronique CL\u00c9MENCE &amp; VIVIEN boutique en ligne l'Officina Paris\" class=\"wp-image-12577\" srcset=\"https:\/\/www.officina-paris.fr\/blog\/wp-content\/uploads\/2020\/11\/clemence-et-vivien-serum-acide-hyaluronique-bio-nm-new.jpg 800w, https:\/\/www.officina-paris.fr\/blog\/wp-content\/uploads\/2020\/11\/clemence-et-vivien-serum-acide-hyaluronique-bio-nm-new-251x300.jpg 251w, https:\/\/www.officina-paris.fr\/blog\/wp-content\/uploads\/2020\/11\/clemence-et-vivien-serum-acide-hyaluronique-bio-nm-new-768x920.jpg 768w\" sizes=\"(max-width: 800px) 100vw, 800px\" \/><\/a><figcaption><a href=\"https:\/\/www.officina-paris.fr\/fr\/clemence-vivien\/1336-serum-desalterant-a-l-acide-hyaluronique-bio.html\">S\u00e9rum D\u00e9salt\u00e9rant bio \u00e0 l&rsquo;Acide Hyaluronique<br>CL\u00c9MENCE &amp; VIVIEN<\/a><\/figcaption><\/figure>\n\n\n\n<div class=\"wp-container-5 is-content-justification-center wp-block-buttons\">\n<div class=\"wp-block-button\"><a class=\"wp-block-button__link\" href=\"https:\/\/www.officina-paris.fr\/fr\/clemence-vivien\/1336-serum-desalterant-a-l-acide-hyaluronique-bio.html\">voir le produit<\/a><\/div>\n<\/div>\n\n\n\n<figure class=\"wp-block-image aligncenter size-full cursor: grab;\"><a href=\"https:\/\/www.officina-paris.fr\/fr\/joveda-cosmetique-ayurvedique\/604-lait-hydratant-a-l-aloe-vera.html\"><img loading=\"lazy\" width=\"800\" height=\"800\" src=\"https:\/\/www.officina-paris.fr\/blog\/wp-content\/uploads\/2020\/11\/joveda-lait-hydratant-aloe-vera-naturel.jpg\" alt=\"JOVEDA\nLait Hydratant \u00e0 l'Aloe Vera boutique en ligne l'Officina Paris\" class=\"wp-image-12579\" srcset=\"https:\/\/www.officina-paris.fr\/blog\/wp-content\/uploads\/2020\/11\/joveda-lait-hydratant-aloe-vera-naturel.jpg 800w, https:\/\/www.officina-paris.fr\/blog\/wp-content\/uploads\/2020\/11\/joveda-lait-hydratant-aloe-vera-naturel-300x300.jpg 300w, https:\/\/www.officina-paris.fr\/blog\/wp-content\/uploads\/2020\/11\/joveda-lait-hydratant-aloe-vera-naturel-150x150.jpg 150w, https:\/\/www.officina-paris.fr\/blog\/wp-content\/uploads\/2020\/11\/joveda-lait-hydratant-aloe-vera-naturel-768x768.jpg 768w\" sizes=\"(max-width: 800px) 100vw, 800px\" \/><\/a><figcaption><a href=\"https:\/\/www.officina-paris.fr\/fr\/joveda-cosmetique-ayurvedique\/604-lait-hydratant-a-l-aloe-vera.html\">Lait Hydratant \u00e0 l&rsquo;Aloe Vera<br>JOVEDA cosm\u00e9tiques<\/a><\/figcaption><\/figure>\n\n\n\n<div class=\"wp-container-6 is-content-justification-center wp-block-buttons\">\n<div class=\"wp-block-button\"><a class=\"wp-block-button__link\" href=\"https:\/\/www.officina-paris.fr\/fr\/joveda-cosmetique-ayurvedique\/604-lait-hydratant-a-l-aloe-vera.html\">voir le produit<\/a><\/div>\n<\/div>\n\n\n\n<figure class=\"wp-block-image aligncenter size-full cursor: grab;\"><a href=\"https:\/\/www.officina-paris.fr\/fr\/clemence-vivien\/1538-huile-demaquillante-bio-rose-muguet.html\"><img loading=\"lazy\" width=\"840\" height=\"1000\" src=\"https:\/\/www.officina-paris.fr\/blog\/wp-content\/uploads\/2023\/09\/huile-demaquillante-bio-rose-muguet-2.jpg\" alt=\"Huile D\u00e9maquillante rin\u00e7able bio Toute Douce Rose Muguet\nCL\u00c9MENCE &amp; VIVIEN boutique en ligne l'Officina Paris\" class=\"wp-image-15702\" srcset=\"https:\/\/www.officina-paris.fr\/blog\/wp-content\/uploads\/2023\/09\/huile-demaquillante-bio-rose-muguet-2.jpg 840w, https:\/\/www.officina-paris.fr\/blog\/wp-content\/uploads\/2023\/09\/huile-demaquillante-bio-rose-muguet-2-252x300.jpg 252w, https:\/\/www.officina-paris.fr\/blog\/wp-content\/uploads\/2023\/09\/huile-demaquillante-bio-rose-muguet-2-768x914.jpg 768w\" sizes=\"(max-width: 840px) 100vw, 840px\" \/><\/a><figcaption><a href=\"https:\/\/www.officina-paris.fr\/fr\/clemence-vivien\/1538-huile-demaquillante-bio-rose-muguet.html\">Huile D\u00e9maquillante rin\u00e7able bio Toute Douce Rose Muguet<br>CL\u00c9MENCE &amp; VIVIEN<\/a><\/figcaption><\/figure>\n\n\n\n<div class=\"wp-container-7 is-content-justification-center wp-block-buttons\">\n<div class=\"wp-block-button\"><a class=\"wp-block-button__link\" href=\"https:\/\/www.officina-paris.fr\/fr\/clemence-vivien\/1538-huile-demaquillante-bio-rose-muguet.html\">voir le produit<\/a><\/div>\n<\/div>\n\n\n\n<p><\/p>\n\n\n\n<p><\/p>\n\n\n\n<p><\/p>\n\n\n\n<p><\/p>\n\n\n\n<p><\/p>\n\n\n\n<p><\/p>\n","protected":false},"excerpt":{"rendered":"<p>La diff\u00e9rence entre une peau s\u00e8che et une peau d\u00e9shydrat\u00e9e ? La peau s\u00e8che a faim, tandis que la peau d\u00e9shydrat\u00e9e a soif. Autrement dit, l\u2019une manque de gras et l\u2019autre manque d&rsquo;eau. La peau s\u00e8che est un type de peau, au m\u00eame titre qu&rsquo;une peau grasse ou une peau mixte. La peau s\u00e8che est [&hellip;]<\/p>\n","protected":false},"author":1,"featured_media":12560,"comment_status":"closed","ping_status":"open","sticky":true,"template":"","format":"standard","meta":[],"categories":[1602,33,861,27],"tags":[2040,871,215,243,280,354,299,1162,2061,347,555,1091,2062,831],"yoast_head":"<!-- This site is optimized with the Yoast SEO plugin v20.6 - https:\/\/yoast.com\/wordpress\/plugins\/seo\/ -->\n<title>Peau s\u00e8che ou peau d\u00e9shydrat\u00e9e : nourrir ou hydrater ? - Cosm\u00e9tiques naturels &amp; bio<\/title>\n<meta name=\"description\" content=\"La diff\u00e9rence entre une peau s\u00e8che et une peau d\u00e9shydrat\u00e9e ? La peau s\u00e8che a faim, tandis que la peau d\u00e9shydrat\u00e9e a soif. Autrement dit, l\u2019une manque de gras et l\u2019autre manque d&#039;eau.\" \/>\n<meta name=\"robots\" content=\"index, follow, max-snippet:-1, max-image-preview:large, max-video-preview:-1\" \/>\n<link rel=\"canonical\" href=\"https:\/\/www.officina-paris.fr\/blog\/peau-seche-ou-peau-deshydratee-comment-les-differencier\" \/>\n<meta property=\"og:locale\" content=\"fr_FR\" \/>\n<meta property=\"og:type\" content=\"article\" \/>\n<meta property=\"og:title\" content=\"Peau s\u00e8che ou peau d\u00e9shydrat\u00e9e : nourrir ou hydrater ? - Cosm\u00e9tiques naturels &amp; bio\" \/>\n<meta property=\"og:description\" content=\"La diff\u00e9rence entre une peau s\u00e8che et une peau d\u00e9shydrat\u00e9e ? La peau s\u00e8che a faim, tandis que la peau d\u00e9shydrat\u00e9e a soif. Autrement dit, l\u2019une manque de gras et l\u2019autre manque d&#039;eau.\" \/>\n<meta property=\"og:url\" content=\"https:\/\/www.officina-paris.fr\/blog\/peau-seche-ou-peau-deshydratee-comment-les-differencier\" \/>\n<meta property=\"og:site_name\" content=\"Cosm\u00e9tiques naturels &amp; bio\" \/>\n<meta property=\"article:publisher\" content=\"https:\/\/www.facebook.com\/officinaparis\/\" \/>\n<meta property=\"article:published_time\" content=\"2020-11-11T13:46:53+00:00\" \/>\n<meta property=\"article:modified_time\" content=\"2024-11-01T22:37:17+00:00\" \/>\n<meta property=\"og:image\" content=\"https:\/\/www.officina-paris.fr\/blog\/wp-content\/uploads\/2020\/11\/beaute-bio-lofficina-paris-peau-seche.jpg\" \/>\n\t<meta property=\"og:image:width\" content=\"900\" \/>\n\t<meta property=\"og:image:height\" content=\"500\" \/>\n\t<meta property=\"og:image:type\" content=\"image\/jpeg\" \/>\n<meta name=\"author\" content=\"l&#039;Officina\" \/>\n<meta name=\"twitter:card\" content=\"summary_large_image\" \/>\n<meta name=\"twitter:creator\" content=\"@officinaparis\" \/>\n<meta name=\"twitter:site\" content=\"@officinaparis\" \/>\n<meta name=\"twitter:label1\" content=\"\u00c9crit par\" \/>\n\t<meta name=\"twitter:data1\" content=\"l'Officina\" \/>\n\t<meta name=\"twitter:label2\" content=\"Dur\u00e9e de lecture estim\u00e9e\" \/>\n\t<meta name=\"twitter:data2\" content=\"6 minutes\" \/>\n<script type=\"application\/ld+json\" class=\"yoast-schema-graph\">{\"@context\":\"https:\/\/schema.org\",\"@graph\":[{\"@type\":\"Article\",\"@id\":\"https:\/\/www.officina-paris.fr\/blog\/peau-seche-ou-peau-deshydratee-comment-les-differencier#article\",\"isPartOf\":{\"@id\":\"https:\/\/www.officina-paris.fr\/blog\/peau-seche-ou-peau-deshydratee-comment-les-differencier\"},\"author\":{\"name\":\"l'Officina\",\"@id\":\"https:\/\/www.officina-paris.fr\/blog\/#\/schema\/person\/f2a3c4ef8b3568ac1e3c4a7f9d1fccd3\"},\"headline\":\"Peau s\u00e8che ou peau d\u00e9shydrat\u00e9e : nourrir ou hydrater ?\",\"datePublished\":\"2020-11-11T13:46:53+00:00\",\"dateModified\":\"2024-11-01T22:37:17+00:00\",\"mainEntityOfPage\":{\"@id\":\"https:\/\/www.officina-paris.fr\/blog\/peau-seche-ou-peau-deshydratee-comment-les-differencier\"},\"wordCount\":908,\"publisher\":{\"@id\":\"https:\/\/www.officina-paris.fr\/blog\/#organization\"},\"keywords\":[\"acide hyaluronique\",\"Aloe Vera\",\"baume\",\"Cr\u00e8me\",\"d\u00e9maquillant\",\"huile\",\"hydrater\",\"nourrir\",\"peau d\u00e9shydrat\u00e9e\",\"peau s\u00e8che\",\"s\u00e9rum\",\"soin de la peau\",\"tiraillements\",\"v\u00e9g\u00e9tal\"],\"articleSection\":[\"CLEMENCE &amp; VIVIEN\",\"Cosm\u00e9tiques bio - g\u00e9n\u00e9ral\",\"JOVEDA\",\"L'OFFICINA\"],\"inLanguage\":\"fr-FR\"},{\"@type\":\"WebPage\",\"@id\":\"https:\/\/www.officina-paris.fr\/blog\/peau-seche-ou-peau-deshydratee-comment-les-differencier\",\"url\":\"https:\/\/www.officina-paris.fr\/blog\/peau-seche-ou-peau-deshydratee-comment-les-differencier\",\"name\":\"Peau s\u00e8che ou peau d\u00e9shydrat\u00e9e : nourrir ou hydrater ? - Cosm\u00e9tiques naturels &amp; bio\",\"isPartOf\":{\"@id\":\"https:\/\/www.officina-paris.fr\/blog\/#website\"},\"datePublished\":\"2020-11-11T13:46:53+00:00\",\"dateModified\":\"2024-11-01T22:37:17+00:00\",\"description\":\"La diff\u00e9rence entre une peau s\u00e8che et une peau d\u00e9shydrat\u00e9e ? La peau s\u00e8che a faim, tandis que la peau d\u00e9shydrat\u00e9e a soif. Autrement dit, l\u2019une manque de gras et l\u2019autre manque d'eau.\",\"breadcrumb\":{\"@id\":\"https:\/\/www.officina-paris.fr\/blog\/peau-seche-ou-peau-deshydratee-comment-les-differencier#breadcrumb\"},\"inLanguage\":\"fr-FR\",\"potentialAction\":[{\"@type\":\"ReadAction\",\"target\":[\"https:\/\/www.officina-paris.fr\/blog\/peau-seche-ou-peau-deshydratee-comment-les-differencier\"]}]},{\"@type\":\"BreadcrumbList\",\"@id\":\"https:\/\/www.officina-paris.fr\/blog\/peau-seche-ou-peau-deshydratee-comment-les-differencier#breadcrumb\",\"itemListElement\":[{\"@type\":\"ListItem\",\"position\":1,\"name\":\"Accueil\",\"item\":\"https:\/\/www.officina-paris.fr\/blog\"},{\"@type\":\"ListItem\",\"position\":2,\"name\":\"Peau s\u00e8che ou peau d\u00e9shydrat\u00e9e : nourrir ou hydrater ?\"}]},{\"@type\":\"WebSite\",\"@id\":\"https:\/\/www.officina-paris.fr\/blog\/#website\",\"url\":\"https:\/\/www.officina-paris.fr\/blog\/\",\"name\":\"Cosm\u00e9tiques naturels &amp; bio\",\"description\":\"\",\"publisher\":{\"@id\":\"https:\/\/www.officina-paris.fr\/blog\/#organization\"},\"potentialAction\":[{\"@type\":\"SearchAction\",\"target\":{\"@type\":\"EntryPoint\",\"urlTemplate\":\"https:\/\/www.officina-paris.fr\/blog\/?s={search_term_string}\"},\"query-input\":\"required name=search_term_string\"}],\"inLanguage\":\"fr-FR\"},{\"@type\":\"Organization\",\"@id\":\"https:\/\/www.officina-paris.fr\/blog\/#organization\",\"name\":\"l'Officina Paris\",\"url\":\"https:\/\/www.officina-paris.fr\/blog\/\",\"logo\":{\"@type\":\"ImageObject\",\"inLanguage\":\"fr-FR\",\"@id\":\"https:\/\/www.officina-paris.fr\/blog\/#\/schema\/logo\/image\/\",\"url\":\"https:\/\/www.officina-paris.fr\/blog\/wp-content\/uploads\/2012\/10\/logo-officina1.png\",\"contentUrl\":\"https:\/\/www.officina-paris.fr\/blog\/wp-content\/uploads\/2012\/10\/logo-officina1.png\",\"width\":\"250\",\"height\":\"250\",\"caption\":\"l'Officina Paris\"},\"image\":{\"@id\":\"https:\/\/www.officina-paris.fr\/blog\/#\/schema\/logo\/image\/\"},\"sameAs\":[\"https:\/\/www.facebook.com\/officinaparis\/\",\"https:\/\/twitter.com\/officinaparis\",\"https:\/\/www.instagram.com\/officinaparis\/\",\"https:\/\/www.pinterest.fr\/officinaparis\/\",\"https:\/\/www.youtube.com\/channel\/UCZz7SUwr90Uc5_4IfacScHA\"]},{\"@type\":\"Person\",\"@id\":\"https:\/\/www.officina-paris.fr\/blog\/#\/schema\/person\/f2a3c4ef8b3568ac1e3c4a7f9d1fccd3\",\"name\":\"l'Officina\",\"image\":{\"@type\":\"ImageObject\",\"inLanguage\":\"fr-FR\",\"@id\":\"https:\/\/www.officina-paris.fr\/blog\/#\/schema\/person\/image\/\",\"url\":\"https:\/\/secure.gravatar.com\/avatar\/758a12375bdb22efed70df322cef5156?s=96&d=blank&r=g\",\"contentUrl\":\"https:\/\/secure.gravatar.com\/avatar\/758a12375bdb22efed70df322cef5156?s=96&d=blank&r=g\",\"caption\":\"l'Officina\"},\"sameAs\":[\"http:\/\/www.officina-paris.fr\"],\"url\":\"https:\/\/www.officina-paris.fr\/blog\/author\/admin\"}]}<\/script>\n<!-- \/ Yoast SEO plugin. -->","yoast_head_json":{"title":"Peau s\u00e8che ou peau d\u00e9shydrat\u00e9e : nourrir ou hydrater ? - Cosm\u00e9tiques naturels &amp; bio","description":"La diff\u00e9rence entre une peau s\u00e8che et une peau d\u00e9shydrat\u00e9e ? La peau s\u00e8che a faim, tandis que la peau d\u00e9shydrat\u00e9e a soif. Autrement dit, l\u2019une manque de gras et l\u2019autre manque d'eau.","robots":{"index":"index","follow":"follow","max-snippet":"max-snippet:-1","max-image-preview":"max-image-preview:large","max-video-preview":"max-video-preview:-1"},"canonical":"https:\/\/www.officina-paris.fr\/blog\/peau-seche-ou-peau-deshydratee-comment-les-differencier","og_locale":"fr_FR","og_type":"article","og_title":"Peau s\u00e8che ou peau d\u00e9shydrat\u00e9e : nourrir ou hydrater ? - Cosm\u00e9tiques naturels &amp; bio","og_description":"La diff\u00e9rence entre une peau s\u00e8che et une peau d\u00e9shydrat\u00e9e ? La peau s\u00e8che a faim, tandis que la peau d\u00e9shydrat\u00e9e a soif. Autrement dit, l\u2019une manque de gras et l\u2019autre manque d'eau.","og_url":"https:\/\/www.officina-paris.fr\/blog\/peau-seche-ou-peau-deshydratee-comment-les-differencier","og_site_name":"Cosm\u00e9tiques naturels &amp; bio","article_publisher":"https:\/\/www.facebook.com\/officinaparis\/","article_published_time":"2020-11-11T13:46:53+00:00","article_modified_time":"2024-11-01T22:37:17+00:00","og_image":[{"width":900,"height":500,"url":"https:\/\/www.officina-paris.fr\/blog\/wp-content\/uploads\/2020\/11\/beaute-bio-lofficina-paris-peau-seche.jpg","type":"image\/jpeg"}],"author":"l'Officina","twitter_card":"summary_large_image","twitter_creator":"@officinaparis","twitter_site":"@officinaparis","twitter_misc":{"\u00c9crit par":"l'Officina","Dur\u00e9e de lecture estim\u00e9e":"6 minutes"},"schema":{"@context":"https:\/\/schema.org","@graph":[{"@type":"Article","@id":"https:\/\/www.officina-paris.fr\/blog\/peau-seche-ou-peau-deshydratee-comment-les-differencier#article","isPartOf":{"@id":"https:\/\/www.officina-paris.fr\/blog\/peau-seche-ou-peau-deshydratee-comment-les-differencier"},"author":{"name":"l'Officina","@id":"https:\/\/www.officina-paris.fr\/blog\/#\/schema\/person\/f2a3c4ef8b3568ac1e3c4a7f9d1fccd3"},"headline":"Peau s\u00e8che ou peau d\u00e9shydrat\u00e9e : nourrir ou hydrater ?","datePublished":"2020-11-11T13:46:53+00:00","dateModified":"2024-11-01T22:37:17+00:00","mainEntityOfPage":{"@id":"https:\/\/www.officina-paris.fr\/blog\/peau-seche-ou-peau-deshydratee-comment-les-differencier"},"wordCount":908,"publisher":{"@id":"https:\/\/www.officina-paris.fr\/blog\/#organization"},"keywords":["acide hyaluronique","Aloe Vera","baume","Cr\u00e8me","d\u00e9maquillant","huile","hydrater","nourrir","peau d\u00e9shydrat\u00e9e","peau s\u00e8che","s\u00e9rum","soin de la peau","tiraillements","v\u00e9g\u00e9tal"],"articleSection":["CLEMENCE &amp; VIVIEN","Cosm\u00e9tiques bio - g\u00e9n\u00e9ral","JOVEDA","L'OFFICINA"],"inLanguage":"fr-FR"},{"@type":"WebPage","@id":"https:\/\/www.officina-paris.fr\/blog\/peau-seche-ou-peau-deshydratee-comment-les-differencier","url":"https:\/\/www.officina-paris.fr\/blog\/peau-seche-ou-peau-deshydratee-comment-les-differencier","name":"Peau s\u00e8che ou peau d\u00e9shydrat\u00e9e : nourrir ou hydrater ? - Cosm\u00e9tiques naturels &amp; bio","isPartOf":{"@id":"https:\/\/www.officina-paris.fr\/blog\/#website"},"datePublished":"2020-11-11T13:46:53+00:00","dateModified":"2024-11-01T22:37:17+00:00","description":"La diff\u00e9rence entre une peau s\u00e8che et une peau d\u00e9shydrat\u00e9e ? La peau s\u00e8che a faim, tandis que la peau d\u00e9shydrat\u00e9e a soif. Autrement dit, l\u2019une manque de gras et l\u2019autre manque d'eau.","breadcrumb":{"@id":"https:\/\/www.officina-paris.fr\/blog\/peau-seche-ou-peau-deshydratee-comment-les-differencier#breadcrumb"},"inLanguage":"fr-FR","potentialAction":[{"@type":"ReadAction","target":["https:\/\/www.officina-paris.fr\/blog\/peau-seche-ou-peau-deshydratee-comment-les-differencier"]}]},{"@type":"BreadcrumbList","@id":"https:\/\/www.officina-paris.fr\/blog\/peau-seche-ou-peau-deshydratee-comment-les-differencier#breadcrumb","itemListElement":[{"@type":"ListItem","position":1,"name":"Accueil","item":"https:\/\/www.officina-paris.fr\/blog"},{"@type":"ListItem","position":2,"name":"Peau s\u00e8che ou peau d\u00e9shydrat\u00e9e : nourrir ou hydrater ?"}]},{"@type":"WebSite","@id":"https:\/\/www.officina-paris.fr\/blog\/#website","url":"https:\/\/www.officina-paris.fr\/blog\/","name":"Cosm\u00e9tiques naturels &amp; bio","description":"","publisher":{"@id":"https:\/\/www.officina-paris.fr\/blog\/#organization"},"potentialAction":[{"@type":"SearchAction","target":{"@type":"EntryPoint","urlTemplate":"https:\/\/www.officina-paris.fr\/blog\/?s={search_term_string}"},"query-input":"required name=search_term_string"}],"inLanguage":"fr-FR"},{"@type":"Organization","@id":"https:\/\/www.officina-paris.fr\/blog\/#organization","name":"l'Officina Paris","url":"https:\/\/www.officina-paris.fr\/blog\/","logo":{"@type":"ImageObject","inLanguage":"fr-FR","@id":"https:\/\/www.officina-paris.fr\/blog\/#\/schema\/logo\/image\/","url":"https:\/\/www.officina-paris.fr\/blog\/wp-content\/uploads\/2012\/10\/logo-officina1.png","contentUrl":"https:\/\/www.officina-paris.fr\/blog\/wp-content\/uploads\/2012\/10\/logo-officina1.png","width":"250","height":"250","caption":"l'Officina Paris"},"image":{"@id":"https:\/\/www.officina-paris.fr\/blog\/#\/schema\/logo\/image\/"},"sameAs":["https:\/\/www.facebook.com\/officinaparis\/","https:\/\/twitter.com\/officinaparis","https:\/\/www.instagram.com\/officinaparis\/","https:\/\/www.pinterest.fr\/officinaparis\/","https:\/\/www.youtube.com\/channel\/UCZz7SUwr90Uc5_4IfacScHA"]},{"@type":"Person","@id":"https:\/\/www.officina-paris.fr\/blog\/#\/schema\/person\/f2a3c4ef8b3568ac1e3c4a7f9d1fccd3","name":"l'Officina","image":{"@type":"ImageObject","inLanguage":"fr-FR","@id":"https:\/\/www.officina-paris.fr\/blog\/#\/schema\/person\/image\/","url":"https:\/\/secure.gravatar.com\/avatar\/758a12375bdb22efed70df322cef5156?s=96&d=blank&r=g","contentUrl":"https:\/\/secure.gravatar.com\/avatar\/758a12375bdb22efed70df322cef5156?s=96&d=blank&r=g","caption":"l'Officina"},"sameAs":["http:\/\/www.officina-paris.fr"],"url":"https:\/\/www.officina-paris.fr\/blog\/author\/admin"}]}},"_links":{"self":[{"href":"https:\/\/www.officina-paris.fr\/blog\/wp-json\/wp\/v2\/posts\/12559"}],"collection":[{"href":"https:\/\/www.officina-paris.fr\/blog\/wp-json\/wp\/v2\/posts"}],"about":[{"href":"https:\/\/www.officina-paris.fr\/blog\/wp-json\/wp\/v2\/types\/post"}],"author":[{"embeddable":true,"href":"https:\/\/www.officina-paris.fr\/blog\/wp-json\/wp\/v2\/users\/1"}],"replies":[{"embeddable":true,"href":"https:\/\/www.officina-paris.fr\/blog\/wp-json\/wp\/v2\/comments?post=12559"}],"version-history":[{"count":8,"href":"https:\/\/www.officina-paris.fr\/blog\/wp-json\/wp\/v2\/posts\/12559\/revisions"}],"predecessor-version":[{"id":16055,"href":"https:\/\/www.officina-paris.fr\/blog\/wp-json\/wp\/v2\/posts\/12559\/revisions\/16055"}],"wp:featuredmedia":[{"embeddable":true,"href":"https:\/\/www.officina-paris.fr\/blog\/wp-json\/wp\/v2\/media\/12560"}],"wp:attachment":[{"href":"https:\/\/www.officina-paris.fr\/blog\/wp-json\/wp\/v2\/media?parent=12559"}],"wp:term":[{"taxonomy":"category","embeddable":true,"href":"https:\/\/www.officina-paris.fr\/blog\/wp-json\/wp\/v2\/categories?post=12559"},{"taxonomy":"post_tag","embeddable":true,"href":"https:\/\/www.officina-paris.fr\/blog\/wp-json\/wp\/v2\/tags?post=12559"}],"curies":[{"name":"wp","href":"https:\/\/api.w.org\/{rel}","templated":true}]}}