{"id":3665,"date":"2014-03-01T15:03:04","date_gmt":"2014-03-01T14:03:04","guid":{"rendered":"http:\/\/www.officina-paris.fr\/blog\/?p=3665"},"modified":"2022-04-01T13:36:01","modified_gmt":"2022-04-01T11:36:01","slug":"printemps-couleurs-vernis-ongles-pritinyc","status":"publish","type":"post","link":"https:\/\/www.officina-paris.fr\/blog\/printemps-couleurs-vernis-ongles-pritinyc","title":{"rendered":"Avant-go\u00fbt du printemps ! &#8230;les vernis \u00e0 ongles non-toxiques Priti NYC"},"content":{"rendered":"<p style=\"text-align: center;\"><a title=\"Priti NYC - vernis \u00e0 ongles non-toxiques\" href=\"https:\/\/www.officina-paris.fr\/fr\/159-priti-nyc\"><img loading=\"lazy\" class=\"size-full wp-image-3666 aligncenter\" title=\"Priti NYC - a taste of spring\" src=\"http:\/\/www.officina-paris.fr\/blog\/wp-content\/uploads\/2014\/03\/Priti-NYC-a-taste-of-spring.png\" alt=\"Priti NYC - a taste of spring\" width=\"505\" height=\"493\" srcset=\"https:\/\/www.officina-paris.fr\/blog\/wp-content\/uploads\/2014\/03\/Priti-NYC-a-taste-of-spring.png 505w, https:\/\/www.officina-paris.fr\/blog\/wp-content\/uploads\/2014\/03\/Priti-NYC-a-taste-of-spring-300x292.png 300w\" sizes=\"(max-width: 505px) 100vw, 505px\" \/><\/a><\/p>\n<p style=\"text-align: center;\">\n<figure id=\"attachment_3667\" aria-describedby=\"caption-attachment-3667\" style=\"width: 294px\" class=\"wp-caption aligncenter\"><a title=\"Day Flower - Sublimez vos mains avec ce magnifique vernis bleu violet. Il charmera aussi bien en journ\u00e9e qu'en soir\u00e9e. \" href=\"https:\/\/www.officina-paris.fr\/fr\/priti-nyc\/450-vernis-a-ongles-498-day-flower.html\"><img loading=\"lazy\" class=\" wp-image-3667  \" title=\"Priti NYC - Vernis \u00e0 Ongles Flowers - Day Flower  \" src=\"http:\/\/www.officina-paris.fr\/blog\/wp-content\/uploads\/2014\/03\/priti-nyc-day-flower.jpg\" alt=\"Priti NYC - Vernis \u00e0 Ongles Flowers - Day Flower  \" width=\"294\" height=\"294\" srcset=\"https:\/\/www.officina-paris.fr\/blog\/wp-content\/uploads\/2014\/03\/priti-nyc-day-flower.jpg 600w, https:\/\/www.officina-paris.fr\/blog\/wp-content\/uploads\/2014\/03\/priti-nyc-day-flower-150x150.jpg 150w, https:\/\/www.officina-paris.fr\/blog\/wp-content\/uploads\/2014\/03\/priti-nyc-day-flower-300x300.jpg 300w\" sizes=\"(max-width: 294px) 100vw, 294px\" \/><\/a><figcaption id=\"caption-attachment-3667\" class=\"wp-caption-text\"><a href=\"https:\/\/www.officina-paris.fr\/fr\/priti-nyc\/450-vernis-a-ongles-498-day-flower.html\">Day Flower<\/a> &#8211; Sublimez vos mains avec ce magnifique vernis bleu violet. Il charmera aussi bien en journ\u00e9e qu&rsquo;en soir\u00e9e.<\/figcaption><\/figure>\n<h6 style=\"text-align: center;\"><a title=\"Priti NYC - vernis \u00e0 ongles \u00e9cologiques\" href=\"https:\/\/www.officina-paris.fr\/fr\/159-priti-nyc\">tous les vernis \u00e0 ongles non toxiques Priti NYC \u00e0 l&rsquo;Officina<\/a><\/h6>\n","protected":false},"excerpt":{"rendered":"<p>tous les vernis \u00e0 ongles non toxiques Priti NYC \u00e0 l&rsquo;Officina<\/p>\n","protected":false},"author":1,"featured_media":3666,"comment_status":"closed","ping_status":"open","sticky":false,"template":"","format":"gallery","meta":[],"categories":[133],"tags":[322,484,527,152,177,178,342,138,415,413,1646,207,332],"yoast_head":"<!-- This site is optimized with the Yoast SEO plugin v20.6 - https:\/\/yoast.com\/wordpress\/plugins\/seo\/ -->\n<title>Avant-go\u00fbt du printemps ! ...les vernis \u00e0 ongles non-toxiques Priti NYC - Cosm\u00e9tiques naturels &amp; bio<\/title>\n<meta name=\"robots\" content=\"index, follow, max-snippet:-1, max-image-preview:large, max-video-preview:-1\" \/>\n<link rel=\"canonical\" href=\"https:\/\/www.officina-paris.fr\/blog\/printemps-couleurs-vernis-ongles-pritinyc\" \/>\n<meta property=\"og:locale\" content=\"fr_FR\" \/>\n<meta property=\"og:type\" content=\"article\" \/>\n<meta property=\"og:title\" content=\"Avant-go\u00fbt du printemps ! ...les vernis \u00e0 ongles non-toxiques Priti NYC - Cosm\u00e9tiques naturels &amp; bio\" \/>\n<meta property=\"og:description\" content=\"tous les vernis \u00e0 ongles non toxiques Priti NYC \u00e0 l&rsquo;Officina\" \/>\n<meta property=\"og:url\" content=\"https:\/\/www.officina-paris.fr\/blog\/printemps-couleurs-vernis-ongles-pritinyc\" \/>\n<meta property=\"og:site_name\" content=\"Cosm\u00e9tiques naturels &amp; bio\" \/>\n<meta property=\"article:publisher\" content=\"https:\/\/www.facebook.com\/officinaparis\/\" \/>\n<meta property=\"article:published_time\" content=\"2014-03-01T14:03:04+00:00\" \/>\n<meta property=\"article:modified_time\" content=\"2022-04-01T11:36:01+00:00\" \/>\n<meta property=\"og:image\" content=\"https:\/\/www.officina-paris.fr\/blog\/wp-content\/uploads\/2014\/03\/Priti-NYC-a-taste-of-spring.png\" \/>\n\t<meta property=\"og:image:width\" content=\"505\" \/>\n\t<meta property=\"og:image:height\" content=\"493\" \/>\n\t<meta property=\"og:image:type\" content=\"image\/png\" \/>\n<meta name=\"author\" content=\"l&#039;Officina\" \/>\n<meta name=\"twitter:card\" content=\"summary_large_image\" \/>\n<meta name=\"twitter:creator\" content=\"@officinaparis\" \/>\n<meta name=\"twitter:site\" content=\"@officinaparis\" \/>\n<meta name=\"twitter:label1\" content=\"\u00c9crit par\" \/>\n\t<meta name=\"twitter:data1\" content=\"l'Officina\" \/>\n\t<meta name=\"twitter:label2\" content=\"Dur\u00e9e de lecture estim\u00e9e\" \/>\n\t<meta name=\"twitter:data2\" content=\"1 minute\" \/>\n<script type=\"application\/ld+json\" class=\"yoast-schema-graph\">{\"@context\":\"https:\/\/schema.org\",\"@graph\":[{\"@type\":\"Article\",\"@id\":\"https:\/\/www.officina-paris.fr\/blog\/printemps-couleurs-vernis-ongles-pritinyc#article\",\"isPartOf\":{\"@id\":\"https:\/\/www.officina-paris.fr\/blog\/printemps-couleurs-vernis-ongles-pritinyc\"},\"author\":{\"name\":\"l'Officina\",\"@id\":\"https:\/\/www.officina-paris.fr\/blog\/#\/schema\/person\/f2a3c4ef8b3568ac1e3c4a7f9d1fccd3\"},\"headline\":\"Avant-go\u00fbt du printemps ! &#8230;les vernis \u00e0 ongles non-toxiques Priti NYC\",\"datePublished\":\"2014-03-01T14:03:04+00:00\",\"dateModified\":\"2022-04-01T11:36:01+00:00\",\"mainEntityOfPage\":{\"@id\":\"https:\/\/www.officina-paris.fr\/blog\/printemps-couleurs-vernis-ongles-pritinyc\"},\"wordCount\":48,\"publisher\":{\"@id\":\"https:\/\/www.officina-paris.fr\/blog\/#organization\"},\"keywords\":[\"bleu\",\"clean\",\"Day Flower\",\"\u00e9cologique\",\"fashion\",\"mode\",\"nails\",\"ongles\",\"pastel\",\"printemps\",\"PRITI NYC - vernis \u00e0 ongles non-toxiques\",\"vegan\",\"vernis\"],\"articleSection\":[\"PRITI NYC\"],\"inLanguage\":\"fr-FR\"},{\"@type\":\"WebPage\",\"@id\":\"https:\/\/www.officina-paris.fr\/blog\/printemps-couleurs-vernis-ongles-pritinyc\",\"url\":\"https:\/\/www.officina-paris.fr\/blog\/printemps-couleurs-vernis-ongles-pritinyc\",\"name\":\"Avant-go\u00fbt du printemps ! ...les vernis \u00e0 ongles non-toxiques Priti NYC - Cosm\u00e9tiques naturels &amp; bio\",\"isPartOf\":{\"@id\":\"https:\/\/www.officina-paris.fr\/blog\/#website\"},\"datePublished\":\"2014-03-01T14:03:04+00:00\",\"dateModified\":\"2022-04-01T11:36:01+00:00\",\"breadcrumb\":{\"@id\":\"https:\/\/www.officina-paris.fr\/blog\/printemps-couleurs-vernis-ongles-pritinyc#breadcrumb\"},\"inLanguage\":\"fr-FR\",\"potentialAction\":[{\"@type\":\"ReadAction\",\"target\":[\"https:\/\/www.officina-paris.fr\/blog\/printemps-couleurs-vernis-ongles-pritinyc\"]}]},{\"@type\":\"BreadcrumbList\",\"@id\":\"https:\/\/www.officina-paris.fr\/blog\/printemps-couleurs-vernis-ongles-pritinyc#breadcrumb\",\"itemListElement\":[{\"@type\":\"ListItem\",\"position\":1,\"name\":\"Accueil\",\"item\":\"https:\/\/www.officina-paris.fr\/blog\"},{\"@type\":\"ListItem\",\"position\":2,\"name\":\"Avant-go\u00fbt du printemps ! &#8230;les vernis \u00e0 ongles non-toxiques Priti NYC\"}]},{\"@type\":\"WebSite\",\"@id\":\"https:\/\/www.officina-paris.fr\/blog\/#website\",\"url\":\"https:\/\/www.officina-paris.fr\/blog\/\",\"name\":\"Cosm\u00e9tiques naturels &amp; bio\",\"description\":\"\",\"publisher\":{\"@id\":\"https:\/\/www.officina-paris.fr\/blog\/#organization\"},\"potentialAction\":[{\"@type\":\"SearchAction\",\"target\":{\"@type\":\"EntryPoint\",\"urlTemplate\":\"https:\/\/www.officina-paris.fr\/blog\/?s={search_term_string}\"},\"query-input\":\"required name=search_term_string\"}],\"inLanguage\":\"fr-FR\"},{\"@type\":\"Organization\",\"@id\":\"https:\/\/www.officina-paris.fr\/blog\/#organization\",\"name\":\"l'Officina Paris\",\"url\":\"https:\/\/www.officina-paris.fr\/blog\/\",\"logo\":{\"@type\":\"ImageObject\",\"inLanguage\":\"fr-FR\",\"@id\":\"https:\/\/www.officina-paris.fr\/blog\/#\/schema\/logo\/image\/\",\"url\":\"https:\/\/www.officina-paris.fr\/blog\/wp-content\/uploads\/2012\/10\/logo-officina1.png\",\"contentUrl\":\"https:\/\/www.officina-paris.fr\/blog\/wp-content\/uploads\/2012\/10\/logo-officina1.png\",\"width\":\"250\",\"height\":\"250\",\"caption\":\"l'Officina Paris\"},\"image\":{\"@id\":\"https:\/\/www.officina-paris.fr\/blog\/#\/schema\/logo\/image\/\"},\"sameAs\":[\"https:\/\/www.facebook.com\/officinaparis\/\",\"https:\/\/twitter.com\/officinaparis\",\"https:\/\/www.instagram.com\/officinaparis\/\",\"https:\/\/www.pinterest.fr\/officinaparis\/\",\"https:\/\/www.youtube.com\/channel\/UCZz7SUwr90Uc5_4IfacScHA\"]},{\"@type\":\"Person\",\"@id\":\"https:\/\/www.officina-paris.fr\/blog\/#\/schema\/person\/f2a3c4ef8b3568ac1e3c4a7f9d1fccd3\",\"name\":\"l'Officina\",\"image\":{\"@type\":\"ImageObject\",\"inLanguage\":\"fr-FR\",\"@id\":\"https:\/\/www.officina-paris.fr\/blog\/#\/schema\/person\/image\/\",\"url\":\"https:\/\/secure.gravatar.com\/avatar\/758a12375bdb22efed70df322cef5156?s=96&d=blank&r=g\",\"contentUrl\":\"https:\/\/secure.gravatar.com\/avatar\/758a12375bdb22efed70df322cef5156?s=96&d=blank&r=g\",\"caption\":\"l'Officina\"},\"sameAs\":[\"http:\/\/www.officina-paris.fr\"],\"url\":\"https:\/\/www.officina-paris.fr\/blog\/author\/admin\"}]}<\/script>\n<!-- \/ Yoast SEO plugin. -->","yoast_head_json":{"title":"Avant-go\u00fbt du printemps ! ...les vernis \u00e0 ongles non-toxiques Priti NYC - Cosm\u00e9tiques naturels &amp; bio","robots":{"index":"index","follow":"follow","max-snippet":"max-snippet:-1","max-image-preview":"max-image-preview:large","max-video-preview":"max-video-preview:-1"},"canonical":"https:\/\/www.officina-paris.fr\/blog\/printemps-couleurs-vernis-ongles-pritinyc","og_locale":"fr_FR","og_type":"article","og_title":"Avant-go\u00fbt du printemps ! ...les vernis \u00e0 ongles non-toxiques Priti NYC - Cosm\u00e9tiques naturels &amp; bio","og_description":"tous les vernis \u00e0 ongles non toxiques Priti NYC \u00e0 l&rsquo;Officina","og_url":"https:\/\/www.officina-paris.fr\/blog\/printemps-couleurs-vernis-ongles-pritinyc","og_site_name":"Cosm\u00e9tiques naturels &amp; bio","article_publisher":"https:\/\/www.facebook.com\/officinaparis\/","article_published_time":"2014-03-01T14:03:04+00:00","article_modified_time":"2022-04-01T11:36:01+00:00","og_image":[{"width":505,"height":493,"url":"https:\/\/www.officina-paris.fr\/blog\/wp-content\/uploads\/2014\/03\/Priti-NYC-a-taste-of-spring.png","type":"image\/png"}],"author":"l'Officina","twitter_card":"summary_large_image","twitter_creator":"@officinaparis","twitter_site":"@officinaparis","twitter_misc":{"\u00c9crit par":"l'Officina","Dur\u00e9e de lecture estim\u00e9e":"1 minute"},"schema":{"@context":"https:\/\/schema.org","@graph":[{"@type":"Article","@id":"https:\/\/www.officina-paris.fr\/blog\/printemps-couleurs-vernis-ongles-pritinyc#article","isPartOf":{"@id":"https:\/\/www.officina-paris.fr\/blog\/printemps-couleurs-vernis-ongles-pritinyc"},"author":{"name":"l'Officina","@id":"https:\/\/www.officina-paris.fr\/blog\/#\/schema\/person\/f2a3c4ef8b3568ac1e3c4a7f9d1fccd3"},"headline":"Avant-go\u00fbt du printemps ! &#8230;les vernis \u00e0 ongles non-toxiques Priti NYC","datePublished":"2014-03-01T14:03:04+00:00","dateModified":"2022-04-01T11:36:01+00:00","mainEntityOfPage":{"@id":"https:\/\/www.officina-paris.fr\/blog\/printemps-couleurs-vernis-ongles-pritinyc"},"wordCount":48,"publisher":{"@id":"https:\/\/www.officina-paris.fr\/blog\/#organization"},"keywords":["bleu","clean","Day Flower","\u00e9cologique","fashion","mode","nails","ongles","pastel","printemps","PRITI NYC - vernis \u00e0 ongles non-toxiques","vegan","vernis"],"articleSection":["PRITI NYC"],"inLanguage":"fr-FR"},{"@type":"WebPage","@id":"https:\/\/www.officina-paris.fr\/blog\/printemps-couleurs-vernis-ongles-pritinyc","url":"https:\/\/www.officina-paris.fr\/blog\/printemps-couleurs-vernis-ongles-pritinyc","name":"Avant-go\u00fbt du printemps ! ...les vernis \u00e0 ongles non-toxiques Priti NYC - Cosm\u00e9tiques naturels &amp; bio","isPartOf":{"@id":"https:\/\/www.officina-paris.fr\/blog\/#website"},"datePublished":"2014-03-01T14:03:04+00:00","dateModified":"2022-04-01T11:36:01+00:00","breadcrumb":{"@id":"https:\/\/www.officina-paris.fr\/blog\/printemps-couleurs-vernis-ongles-pritinyc#breadcrumb"},"inLanguage":"fr-FR","potentialAction":[{"@type":"ReadAction","target":["https:\/\/www.officina-paris.fr\/blog\/printemps-couleurs-vernis-ongles-pritinyc"]}]},{"@type":"BreadcrumbList","@id":"https:\/\/www.officina-paris.fr\/blog\/printemps-couleurs-vernis-ongles-pritinyc#breadcrumb","itemListElement":[{"@type":"ListItem","position":1,"name":"Accueil","item":"https:\/\/www.officina-paris.fr\/blog"},{"@type":"ListItem","position":2,"name":"Avant-go\u00fbt du printemps ! &#8230;les vernis \u00e0 ongles non-toxiques Priti NYC"}]},{"@type":"WebSite","@id":"https:\/\/www.officina-paris.fr\/blog\/#website","url":"https:\/\/www.officina-paris.fr\/blog\/","name":"Cosm\u00e9tiques naturels &amp; bio","description":"","publisher":{"@id":"https:\/\/www.officina-paris.fr\/blog\/#organization"},"potentialAction":[{"@type":"SearchAction","target":{"@type":"EntryPoint","urlTemplate":"https:\/\/www.officina-paris.fr\/blog\/?s={search_term_string}"},"query-input":"required name=search_term_string"}],"inLanguage":"fr-FR"},{"@type":"Organization","@id":"https:\/\/www.officina-paris.fr\/blog\/#organization","name":"l'Officina Paris","url":"https:\/\/www.officina-paris.fr\/blog\/","logo":{"@type":"ImageObject","inLanguage":"fr-FR","@id":"https:\/\/www.officina-paris.fr\/blog\/#\/schema\/logo\/image\/","url":"https:\/\/www.officina-paris.fr\/blog\/wp-content\/uploads\/2012\/10\/logo-officina1.png","contentUrl":"https:\/\/www.officina-paris.fr\/blog\/wp-content\/uploads\/2012\/10\/logo-officina1.png","width":"250","height":"250","caption":"l'Officina Paris"},"image":{"@id":"https:\/\/www.officina-paris.fr\/blog\/#\/schema\/logo\/image\/"},"sameAs":["https:\/\/www.facebook.com\/officinaparis\/","https:\/\/twitter.com\/officinaparis","https:\/\/www.instagram.com\/officinaparis\/","https:\/\/www.pinterest.fr\/officinaparis\/","https:\/\/www.youtube.com\/channel\/UCZz7SUwr90Uc5_4IfacScHA"]},{"@type":"Person","@id":"https:\/\/www.officina-paris.fr\/blog\/#\/schema\/person\/f2a3c4ef8b3568ac1e3c4a7f9d1fccd3","name":"l'Officina","image":{"@type":"ImageObject","inLanguage":"fr-FR","@id":"https:\/\/www.officina-paris.fr\/blog\/#\/schema\/person\/image\/","url":"https:\/\/secure.gravatar.com\/avatar\/758a12375bdb22efed70df322cef5156?s=96&d=blank&r=g","contentUrl":"https:\/\/secure.gravatar.com\/avatar\/758a12375bdb22efed70df322cef5156?s=96&d=blank&r=g","caption":"l'Officina"},"sameAs":["http:\/\/www.officina-paris.fr"],"url":"https:\/\/www.officina-paris.fr\/blog\/author\/admin"}]}},"_links":{"self":[{"href":"https:\/\/www.officina-paris.fr\/blog\/wp-json\/wp\/v2\/posts\/3665"}],"collection":[{"href":"https:\/\/www.officina-paris.fr\/blog\/wp-json\/wp\/v2\/posts"}],"about":[{"href":"https:\/\/www.officina-paris.fr\/blog\/wp-json\/wp\/v2\/types\/post"}],"author":[{"embeddable":true,"href":"https:\/\/www.officina-paris.fr\/blog\/wp-json\/wp\/v2\/users\/1"}],"replies":[{"embeddable":true,"href":"https:\/\/www.officina-paris.fr\/blog\/wp-json\/wp\/v2\/comments?post=3665"}],"version-history":[{"count":2,"href":"https:\/\/www.officina-paris.fr\/blog\/wp-json\/wp\/v2\/posts\/3665\/revisions"}],"predecessor-version":[{"id":13919,"href":"https:\/\/www.officina-paris.fr\/blog\/wp-json\/wp\/v2\/posts\/3665\/revisions\/13919"}],"wp:featuredmedia":[{"embeddable":true,"href":"https:\/\/www.officina-paris.fr\/blog\/wp-json\/wp\/v2\/media\/3666"}],"wp:attachment":[{"href":"https:\/\/www.officina-paris.fr\/blog\/wp-json\/wp\/v2\/media?parent=3665"}],"wp:term":[{"taxonomy":"category","embeddable":true,"href":"https:\/\/www.officina-paris.fr\/blog\/wp-json\/wp\/v2\/categories?post=3665"},{"taxonomy":"post_tag","embeddable":true,"href":"https:\/\/www.officina-paris.fr\/blog\/wp-json\/wp\/v2\/tags?post=3665"}],"curies":[{"name":"wp","href":"https:\/\/api.w.org\/{rel}","templated":true}]}}