{"id":6724,"date":"2015-04-12T12:51:33","date_gmt":"2015-04-12T10:51:33","guid":{"rendered":"http:\/\/www.officina-paris.fr\/blog\/?p=6724"},"modified":"2022-04-01T15:42:27","modified_gmt":"2022-04-01T13:42:27","slug":"message-dune-cliente-de-lofficina-4","status":"publish","type":"post","link":"https:\/\/www.officina-paris.fr\/blog\/message-dune-cliente-de-lofficina-4","title":{"rendered":"message d\u2019une cliente de l\u2019Officina"},"content":{"rendered":"<p><span style=\"color: #000000;\">\u00ab\u00a0Bonsoir,<\/span><\/p>\n<p><span style=\"color: #000000;\">Je tenais \u00e0 vous remercier pour la rapidit\u00e9 de la livraison, le paquet bien emball\u00e9 et la petite pochette pour les produits, le service est au top!<\/span><\/p>\n<p><span style=\"color: #000000;\">Je recommanderai avec grand plaisir chez vous.<\/span><\/p>\n<p><span style=\"color: #000000;\">Bien cordialement,<\/span><\/p>\n<p><span style=\"color: #000000;\">Marie E.\u00a0\u00bb<\/span><\/p>\n","protected":false},"excerpt":{"rendered":"<p>\u00ab\u00a0Bonsoir, Je tenais \u00e0 vous remercier pour la rapidit\u00e9 de la livraison, le paquet bien emball\u00e9 et la petite pochette pour les produits, le service est au top! Je recommanderai avec grand plaisir chez vous. Bien cordialement, Marie E.\u00a0\u00bb<\/p>\n","protected":false},"author":1,"featured_media":4471,"comment_status":"closed","ping_status":"open","sticky":false,"template":"","format":"aside","meta":[],"categories":[27,185],"tags":[478,119,189,1062,34,692,1010,47,1059,188,35,691,1061,1060,76,187],"yoast_head":"<!-- This site is optimized with the Yoast SEO plugin v20.6 - https:\/\/yoast.com\/wordpress\/plugins\/seo\/ -->\n<title>message d\u2019une cliente de l\u2019Officina - Cosm\u00e9tiques naturels &amp; bio<\/title>\n<meta name=\"robots\" content=\"index, follow, max-snippet:-1, max-image-preview:large, max-video-preview:-1\" \/>\n<link rel=\"canonical\" href=\"https:\/\/www.officina-paris.fr\/blog\/message-dune-cliente-de-lofficina-4\" \/>\n<meta property=\"og:locale\" content=\"fr_FR\" \/>\n<meta property=\"og:type\" content=\"article\" \/>\n<meta property=\"og:title\" content=\"message d\u2019une cliente de l\u2019Officina - Cosm\u00e9tiques naturels &amp; bio\" \/>\n<meta property=\"og:description\" content=\"\u00ab\u00a0Bonsoir, Je tenais \u00e0 vous remercier pour la rapidit\u00e9 de la livraison, le paquet bien emball\u00e9 et la petite pochette pour les produits, le service est au top! Je recommanderai avec grand plaisir chez vous. Bien cordialement, Marie E.\u00a0\u00bb\" \/>\n<meta property=\"og:url\" content=\"https:\/\/www.officina-paris.fr\/blog\/message-dune-cliente-de-lofficina-4\" \/>\n<meta property=\"og:site_name\" content=\"Cosm\u00e9tiques naturels &amp; bio\" \/>\n<meta property=\"article:publisher\" content=\"https:\/\/www.facebook.com\/officinaparis\/\" \/>\n<meta property=\"article:published_time\" content=\"2015-04-12T10:51:33+00:00\" \/>\n<meta property=\"article:modified_time\" content=\"2022-04-01T13:42:27+00:00\" \/>\n<meta property=\"og:image\" content=\"https:\/\/www.officina-paris.fr\/blog\/wp-content\/uploads\/2013\/04\/pochettes-liberty-cadeau-lofficina-paris.jpg\" \/>\n\t<meta property=\"og:image:width\" content=\"600\" \/>\n\t<meta property=\"og:image:height\" content=\"600\" \/>\n\t<meta property=\"og:image:type\" content=\"image\/jpeg\" \/>\n<meta name=\"author\" content=\"l&#039;Officina\" \/>\n<meta name=\"twitter:card\" content=\"summary_large_image\" \/>\n<meta name=\"twitter:creator\" content=\"@officinaparis\" \/>\n<meta name=\"twitter:site\" content=\"@officinaparis\" \/>\n<meta name=\"twitter:label1\" content=\"\u00c9crit par\" \/>\n\t<meta name=\"twitter:data1\" content=\"l'Officina\" \/>\n<script type=\"application\/ld+json\" class=\"yoast-schema-graph\">{\"@context\":\"https:\/\/schema.org\",\"@graph\":[{\"@type\":\"Article\",\"@id\":\"https:\/\/www.officina-paris.fr\/blog\/message-dune-cliente-de-lofficina-4#article\",\"isPartOf\":{\"@id\":\"https:\/\/www.officina-paris.fr\/blog\/message-dune-cliente-de-lofficina-4\"},\"author\":{\"name\":\"l'Officina\",\"@id\":\"https:\/\/www.officina-paris.fr\/blog\/#\/schema\/person\/f2a3c4ef8b3568ac1e3c4a7f9d1fccd3\"},\"headline\":\"message d\u2019une cliente de l\u2019Officina\",\"datePublished\":\"2015-04-12T10:51:33+00:00\",\"dateModified\":\"2022-04-01T13:42:27+00:00\",\"mainEntityOfPage\":{\"@id\":\"https:\/\/www.officina-paris.fr\/blog\/message-dune-cliente-de-lofficina-4\"},\"wordCount\":45,\"publisher\":{\"@id\":\"https:\/\/www.officina-paris.fr\/blog\/#organization\"},\"keywords\":[\"avis\",\"bio\",\"cliente\",\"commentaire\",\"cosm\u00e9tiques\",\"emballage\",\"eshop\",\"livraison\",\"merci\",\"message\",\"naturel\",\"pochette\",\"qualit\u00e9\",\"rapidit\u00e9\",\"service\",\"t\u00e9moignage\"],\"articleSection\":[\"L'OFFICINA\",\"t\u00e9moignages clients\"],\"inLanguage\":\"fr-FR\"},{\"@type\":\"WebPage\",\"@id\":\"https:\/\/www.officina-paris.fr\/blog\/message-dune-cliente-de-lofficina-4\",\"url\":\"https:\/\/www.officina-paris.fr\/blog\/message-dune-cliente-de-lofficina-4\",\"name\":\"message d\u2019une cliente de l\u2019Officina - Cosm\u00e9tiques naturels &amp; bio\",\"isPartOf\":{\"@id\":\"https:\/\/www.officina-paris.fr\/blog\/#website\"},\"datePublished\":\"2015-04-12T10:51:33+00:00\",\"dateModified\":\"2022-04-01T13:42:27+00:00\",\"breadcrumb\":{\"@id\":\"https:\/\/www.officina-paris.fr\/blog\/message-dune-cliente-de-lofficina-4#breadcrumb\"},\"inLanguage\":\"fr-FR\",\"potentialAction\":[{\"@type\":\"ReadAction\",\"target\":[\"https:\/\/www.officina-paris.fr\/blog\/message-dune-cliente-de-lofficina-4\"]}]},{\"@type\":\"BreadcrumbList\",\"@id\":\"https:\/\/www.officina-paris.fr\/blog\/message-dune-cliente-de-lofficina-4#breadcrumb\",\"itemListElement\":[{\"@type\":\"ListItem\",\"position\":1,\"name\":\"Accueil\",\"item\":\"https:\/\/www.officina-paris.fr\/blog\"},{\"@type\":\"ListItem\",\"position\":2,\"name\":\"message d\u2019une cliente de l\u2019Officina\"}]},{\"@type\":\"WebSite\",\"@id\":\"https:\/\/www.officina-paris.fr\/blog\/#website\",\"url\":\"https:\/\/www.officina-paris.fr\/blog\/\",\"name\":\"Cosm\u00e9tiques naturels &amp; bio\",\"description\":\"\",\"publisher\":{\"@id\":\"https:\/\/www.officina-paris.fr\/blog\/#organization\"},\"potentialAction\":[{\"@type\":\"SearchAction\",\"target\":{\"@type\":\"EntryPoint\",\"urlTemplate\":\"https:\/\/www.officina-paris.fr\/blog\/?s={search_term_string}\"},\"query-input\":\"required name=search_term_string\"}],\"inLanguage\":\"fr-FR\"},{\"@type\":\"Organization\",\"@id\":\"https:\/\/www.officina-paris.fr\/blog\/#organization\",\"name\":\"l'Officina Paris\",\"url\":\"https:\/\/www.officina-paris.fr\/blog\/\",\"logo\":{\"@type\":\"ImageObject\",\"inLanguage\":\"fr-FR\",\"@id\":\"https:\/\/www.officina-paris.fr\/blog\/#\/schema\/logo\/image\/\",\"url\":\"https:\/\/www.officina-paris.fr\/blog\/wp-content\/uploads\/2012\/10\/logo-officina1.png\",\"contentUrl\":\"https:\/\/www.officina-paris.fr\/blog\/wp-content\/uploads\/2012\/10\/logo-officina1.png\",\"width\":\"250\",\"height\":\"250\",\"caption\":\"l'Officina Paris\"},\"image\":{\"@id\":\"https:\/\/www.officina-paris.fr\/blog\/#\/schema\/logo\/image\/\"},\"sameAs\":[\"https:\/\/www.facebook.com\/officinaparis\/\",\"https:\/\/twitter.com\/officinaparis\",\"https:\/\/www.instagram.com\/officinaparis\/\",\"https:\/\/www.pinterest.fr\/officinaparis\/\",\"https:\/\/www.youtube.com\/channel\/UCZz7SUwr90Uc5_4IfacScHA\"]},{\"@type\":\"Person\",\"@id\":\"https:\/\/www.officina-paris.fr\/blog\/#\/schema\/person\/f2a3c4ef8b3568ac1e3c4a7f9d1fccd3\",\"name\":\"l'Officina\",\"image\":{\"@type\":\"ImageObject\",\"inLanguage\":\"fr-FR\",\"@id\":\"https:\/\/www.officina-paris.fr\/blog\/#\/schema\/person\/image\/\",\"url\":\"https:\/\/secure.gravatar.com\/avatar\/758a12375bdb22efed70df322cef5156?s=96&d=blank&r=g\",\"contentUrl\":\"https:\/\/secure.gravatar.com\/avatar\/758a12375bdb22efed70df322cef5156?s=96&d=blank&r=g\",\"caption\":\"l'Officina\"},\"sameAs\":[\"http:\/\/www.officina-paris.fr\"],\"url\":\"https:\/\/www.officina-paris.fr\/blog\/author\/admin\"}]}<\/script>\n<!-- \/ Yoast SEO plugin. -->","yoast_head_json":{"title":"message d\u2019une cliente de l\u2019Officina - Cosm\u00e9tiques naturels &amp; bio","robots":{"index":"index","follow":"follow","max-snippet":"max-snippet:-1","max-image-preview":"max-image-preview:large","max-video-preview":"max-video-preview:-1"},"canonical":"https:\/\/www.officina-paris.fr\/blog\/message-dune-cliente-de-lofficina-4","og_locale":"fr_FR","og_type":"article","og_title":"message d\u2019une cliente de l\u2019Officina - Cosm\u00e9tiques naturels &amp; bio","og_description":"\u00ab\u00a0Bonsoir, Je tenais \u00e0 vous remercier pour la rapidit\u00e9 de la livraison, le paquet bien emball\u00e9 et la petite pochette pour les produits, le service est au top! Je recommanderai avec grand plaisir chez vous. Bien cordialement, Marie E.\u00a0\u00bb","og_url":"https:\/\/www.officina-paris.fr\/blog\/message-dune-cliente-de-lofficina-4","og_site_name":"Cosm\u00e9tiques naturels &amp; bio","article_publisher":"https:\/\/www.facebook.com\/officinaparis\/","article_published_time":"2015-04-12T10:51:33+00:00","article_modified_time":"2022-04-01T13:42:27+00:00","og_image":[{"width":600,"height":600,"url":"https:\/\/www.officina-paris.fr\/blog\/wp-content\/uploads\/2013\/04\/pochettes-liberty-cadeau-lofficina-paris.jpg","type":"image\/jpeg"}],"author":"l'Officina","twitter_card":"summary_large_image","twitter_creator":"@officinaparis","twitter_site":"@officinaparis","twitter_misc":{"\u00c9crit par":"l'Officina"},"schema":{"@context":"https:\/\/schema.org","@graph":[{"@type":"Article","@id":"https:\/\/www.officina-paris.fr\/blog\/message-dune-cliente-de-lofficina-4#article","isPartOf":{"@id":"https:\/\/www.officina-paris.fr\/blog\/message-dune-cliente-de-lofficina-4"},"author":{"name":"l'Officina","@id":"https:\/\/www.officina-paris.fr\/blog\/#\/schema\/person\/f2a3c4ef8b3568ac1e3c4a7f9d1fccd3"},"headline":"message d\u2019une cliente de l\u2019Officina","datePublished":"2015-04-12T10:51:33+00:00","dateModified":"2022-04-01T13:42:27+00:00","mainEntityOfPage":{"@id":"https:\/\/www.officina-paris.fr\/blog\/message-dune-cliente-de-lofficina-4"},"wordCount":45,"publisher":{"@id":"https:\/\/www.officina-paris.fr\/blog\/#organization"},"keywords":["avis","bio","cliente","commentaire","cosm\u00e9tiques","emballage","eshop","livraison","merci","message","naturel","pochette","qualit\u00e9","rapidit\u00e9","service","t\u00e9moignage"],"articleSection":["L'OFFICINA","t\u00e9moignages clients"],"inLanguage":"fr-FR"},{"@type":"WebPage","@id":"https:\/\/www.officina-paris.fr\/blog\/message-dune-cliente-de-lofficina-4","url":"https:\/\/www.officina-paris.fr\/blog\/message-dune-cliente-de-lofficina-4","name":"message d\u2019une cliente de l\u2019Officina - Cosm\u00e9tiques naturels &amp; bio","isPartOf":{"@id":"https:\/\/www.officina-paris.fr\/blog\/#website"},"datePublished":"2015-04-12T10:51:33+00:00","dateModified":"2022-04-01T13:42:27+00:00","breadcrumb":{"@id":"https:\/\/www.officina-paris.fr\/blog\/message-dune-cliente-de-lofficina-4#breadcrumb"},"inLanguage":"fr-FR","potentialAction":[{"@type":"ReadAction","target":["https:\/\/www.officina-paris.fr\/blog\/message-dune-cliente-de-lofficina-4"]}]},{"@type":"BreadcrumbList","@id":"https:\/\/www.officina-paris.fr\/blog\/message-dune-cliente-de-lofficina-4#breadcrumb","itemListElement":[{"@type":"ListItem","position":1,"name":"Accueil","item":"https:\/\/www.officina-paris.fr\/blog"},{"@type":"ListItem","position":2,"name":"message d\u2019une cliente de l\u2019Officina"}]},{"@type":"WebSite","@id":"https:\/\/www.officina-paris.fr\/blog\/#website","url":"https:\/\/www.officina-paris.fr\/blog\/","name":"Cosm\u00e9tiques naturels &amp; bio","description":"","publisher":{"@id":"https:\/\/www.officina-paris.fr\/blog\/#organization"},"potentialAction":[{"@type":"SearchAction","target":{"@type":"EntryPoint","urlTemplate":"https:\/\/www.officina-paris.fr\/blog\/?s={search_term_string}"},"query-input":"required name=search_term_string"}],"inLanguage":"fr-FR"},{"@type":"Organization","@id":"https:\/\/www.officina-paris.fr\/blog\/#organization","name":"l'Officina Paris","url":"https:\/\/www.officina-paris.fr\/blog\/","logo":{"@type":"ImageObject","inLanguage":"fr-FR","@id":"https:\/\/www.officina-paris.fr\/blog\/#\/schema\/logo\/image\/","url":"https:\/\/www.officina-paris.fr\/blog\/wp-content\/uploads\/2012\/10\/logo-officina1.png","contentUrl":"https:\/\/www.officina-paris.fr\/blog\/wp-content\/uploads\/2012\/10\/logo-officina1.png","width":"250","height":"250","caption":"l'Officina Paris"},"image":{"@id":"https:\/\/www.officina-paris.fr\/blog\/#\/schema\/logo\/image\/"},"sameAs":["https:\/\/www.facebook.com\/officinaparis\/","https:\/\/twitter.com\/officinaparis","https:\/\/www.instagram.com\/officinaparis\/","https:\/\/www.pinterest.fr\/officinaparis\/","https:\/\/www.youtube.com\/channel\/UCZz7SUwr90Uc5_4IfacScHA"]},{"@type":"Person","@id":"https:\/\/www.officina-paris.fr\/blog\/#\/schema\/person\/f2a3c4ef8b3568ac1e3c4a7f9d1fccd3","name":"l'Officina","image":{"@type":"ImageObject","inLanguage":"fr-FR","@id":"https:\/\/www.officina-paris.fr\/blog\/#\/schema\/person\/image\/","url":"https:\/\/secure.gravatar.com\/avatar\/758a12375bdb22efed70df322cef5156?s=96&d=blank&r=g","contentUrl":"https:\/\/secure.gravatar.com\/avatar\/758a12375bdb22efed70df322cef5156?s=96&d=blank&r=g","caption":"l'Officina"},"sameAs":["http:\/\/www.officina-paris.fr"],"url":"https:\/\/www.officina-paris.fr\/blog\/author\/admin"}]}},"_links":{"self":[{"href":"https:\/\/www.officina-paris.fr\/blog\/wp-json\/wp\/v2\/posts\/6724"}],"collection":[{"href":"https:\/\/www.officina-paris.fr\/blog\/wp-json\/wp\/v2\/posts"}],"about":[{"href":"https:\/\/www.officina-paris.fr\/blog\/wp-json\/wp\/v2\/types\/post"}],"author":[{"embeddable":true,"href":"https:\/\/www.officina-paris.fr\/blog\/wp-json\/wp\/v2\/users\/1"}],"replies":[{"embeddable":true,"href":"https:\/\/www.officina-paris.fr\/blog\/wp-json\/wp\/v2\/comments?post=6724"}],"version-history":[{"count":1,"href":"https:\/\/www.officina-paris.fr\/blog\/wp-json\/wp\/v2\/posts\/6724\/revisions"}],"predecessor-version":[{"id":14049,"href":"https:\/\/www.officina-paris.fr\/blog\/wp-json\/wp\/v2\/posts\/6724\/revisions\/14049"}],"wp:featuredmedia":[{"embeddable":true,"href":"https:\/\/www.officina-paris.fr\/blog\/wp-json\/wp\/v2\/media\/4471"}],"wp:attachment":[{"href":"https:\/\/www.officina-paris.fr\/blog\/wp-json\/wp\/v2\/media?parent=6724"}],"wp:term":[{"taxonomy":"category","embeddable":true,"href":"https:\/\/www.officina-paris.fr\/blog\/wp-json\/wp\/v2\/categories?post=6724"},{"taxonomy":"post_tag","embeddable":true,"href":"https:\/\/www.officina-paris.fr\/blog\/wp-json\/wp\/v2\/tags?post=6724"}],"curies":[{"name":"wp","href":"https:\/\/api.w.org\/{rel}","templated":true}]}}