{"id":7965,"date":"2016-03-09T11:14:40","date_gmt":"2016-03-09T10:14:40","guid":{"rendered":"http:\/\/www.officina-paris.fr\/blog\/?p=7965"},"modified":"2022-04-04T01:27:06","modified_gmt":"2022-04-03T23:27:06","slug":"clemence-vivien-debarquent-a-lofficina","status":"publish","type":"post","link":"https:\/\/www.officina-paris.fr\/blog\/clemence-vivien-debarquent-a-lofficina","title":{"rendered":"Cl\u00e9mence &#038; Vivien d\u00e9barquent \u00e0 l&rsquo;Officina!"},"content":{"rendered":"<h2><strong>Nouveau! Les <a href=\"https:\/\/www.officina-paris.fr\/fr\/224-savon-a-froid-clemence-vivien\">Savons surgras<\/a> et <a href=\"https:\/\/www.officina-paris.fr\/fr\/225-deodorant-bio-clemence-vivien\">Baumes D\u00e9odorants bio<\/a> aux huiles essentielles de <a href=\"https:\/\/www.officina-paris.fr\/fr\/141-clemence-vivien\">Cl\u00e9mence &amp; Vivien<\/a> sont arriv\u00e9s \u00e0 <a href=\"https:\/\/www.officina-paris.fr\/fr\/\">l&rsquo;Officina Paris<\/a>.<\/strong><\/h2>\n<p><a href=\"https:\/\/www.officina-paris.fr\/fr\/content\/36-clemence-et-vivien\"><img loading=\"lazy\" class=\"aligncenter wp-image-7966\" src=\"https:\/\/www.officina-paris.fr\/blog\/wp-content\/uploads\/2016\/03\/clemence-et-vivien-logo.png\" alt=\"Cl\u00e9mence et Vivien cosm\u00e9tique bio made in France logo\" width=\"347\" height=\"345\" srcset=\"https:\/\/www.officina-paris.fr\/blog\/wp-content\/uploads\/2016\/03\/clemence-et-vivien-logo.png 640w, https:\/\/www.officina-paris.fr\/blog\/wp-content\/uploads\/2016\/03\/clemence-et-vivien-logo-150x150.png 150w\" sizes=\"(max-width: 347px) 100vw, 347px\" \/><\/a><\/p>\n<p><a href=\"https:\/\/www.officina-paris.fr\/fr\/224-savon-a-froid-clemence-vivien\"><img loading=\"lazy\" class=\"aligncenter wp-image-7967\" title=\"Cl\u00e9mence et Vivien cosm\u00e9tique bio Savons \u00e0 froid Made in France\" src=\"https:\/\/www.officina-paris.fr\/blog\/wp-content\/uploads\/2016\/03\/clemence-et-vivien-gamme-savons-bio-large.jpg\" alt=\"Cl\u00e9mence et Vivien cosm\u00e9tique bio Savons \u00e0 froid Made in France\" width=\"500\" height=\"381\" srcset=\"https:\/\/www.officina-paris.fr\/blog\/wp-content\/uploads\/2016\/03\/clemence-et-vivien-gamme-savons-bio-large.jpg 600w, https:\/\/www.officina-paris.fr\/blog\/wp-content\/uploads\/2016\/03\/clemence-et-vivien-gamme-savons-bio-large-300x229.jpg 300w\" sizes=\"(max-width: 500px) 100vw, 500px\" \/><\/a><\/p>\n<p style=\"text-align: center;\"><span style=\"color: #333333;\">Jeune marque fran\u00e7aise,\u00a0<strong><a href=\"https:\/\/www.officina-paris.fr\/fr\/141-clemence-vivien\">Cl\u00e9mence &amp; Vivien<\/a><\/strong>\u00a0proposent des cosm\u00e9tiques naturels\u00a0d\u00e9velopp\u00e9s et fabriqu\u00e9s <b>en France: <\/b>des formulations d&rsquo;une <strong>qualit\u00e9\u00a0<\/strong><strong>irr\u00e9prochable<\/strong>, des\u00a0packagings <strong>color\u00e9s et ludiques<\/strong>.<\/span><\/p>\n<p style=\"text-align: center;\"><a href=\"https:\/\/www.officina-paris.fr\/fr\/clemence-vivien\/812-la-vahine-savon-artisanal-surgras.html\"><img loading=\"lazy\" class=\"aligncenter wp-image-7969\" title=\"cl\u00e9mence et vivien savon \u00e0 froid bio la vahin\u00e9\" src=\"https:\/\/www.officina-paris.fr\/blog\/wp-content\/uploads\/2016\/03\/clemence-et-vivien-la-vahin\u00e9-visage-fleurie-savon-bio.png\" alt=\"cl\u00e9mence et vivien savon \u00e0 froid bio la vahin\u00e9\" width=\"500\" height=\"500\" srcset=\"https:\/\/www.officina-paris.fr\/blog\/wp-content\/uploads\/2016\/03\/clemence-et-vivien-la-vahin\u00e9-visage-fleurie-savon-bio.png 1080w, https:\/\/www.officina-paris.fr\/blog\/wp-content\/uploads\/2016\/03\/clemence-et-vivien-la-vahin\u00e9-visage-fleurie-savon-bio-150x150.png 150w, https:\/\/www.officina-paris.fr\/blog\/wp-content\/uploads\/2016\/03\/clemence-et-vivien-la-vahin\u00e9-visage-fleurie-savon-bio-300x300.png 300w, https:\/\/www.officina-paris.fr\/blog\/wp-content\/uploads\/2016\/03\/clemence-et-vivien-la-vahin\u00e9-visage-fleurie-savon-bio-1024x1024.png 1024w\" sizes=\"(max-width: 500px) 100vw, 500px\" \/><\/a><br \/>\nUne collection de\u00a0<a href=\"https:\/\/www.officina-paris.fr\/fr\/224-savon-a-froid-clemence-vivien\"><strong>Savons \u00e0 froid<\/strong><\/a>\u00a0con\u00e7us pour r\u00e9pondre aux diff\u00e9rents types de peau, \u00e0 base d&rsquo;ingr\u00e9dients naturels au potentiel actif \u00e9lev\u00e9. <strong>Tr\u00e8s doux et nourrissant<\/strong>, les <a href=\"https:\/\/www.officina-paris.fr\/fr\/224-savon-a-froid-clemence-vivien\">savons naturels<\/a> biod\u00e9gradables <a href=\"https:\/\/www.officina-paris.fr\/fr\/content\/36-clemence-et-vivien\"><strong>Cl\u00e9mence &amp; Vivien<\/strong><\/a> sont surgras et contiennent de la glyc\u00e9rine hydratante (la peau ni tire pas apr\u00e8s la toilette&#8230;). Ils\u00a0sont fabriqu\u00e9s selon le proc\u00e9d\u00e9 dit \u00ab\u00a0\u00e0 froid\u00a0\u00bb. Cela leur donne une grande douceur et laisse les huiles v\u00e9g\u00e9tales et essentielles intactes, pour b\u00e9n\u00e9ficier de tous leurs bienfaits.<\/p>\n<p style=\"text-align: center;\"><a href=\"https:\/\/www.officina-paris.fr\/fr\/225-deodorant-bio-clemence-vivien\"><img loading=\"lazy\" class=\"aligncenter wp-image-7968\" title=\"cl\u00e9mence et vivien deodorants cr\u00e8me bio baume\" src=\"https:\/\/www.officina-paris.fr\/blog\/wp-content\/uploads\/2016\/03\/clemence-et-vivien-les-deodorants-bio.png\" alt=\"cl\u00e9mence et vivien deodorants cr\u00e8me bio baume\" width=\"500\" height=\"500\" srcset=\"https:\/\/www.officina-paris.fr\/blog\/wp-content\/uploads\/2016\/03\/clemence-et-vivien-les-deodorants-bio.png 640w, https:\/\/www.officina-paris.fr\/blog\/wp-content\/uploads\/2016\/03\/clemence-et-vivien-les-deodorants-bio-150x150.png 150w, https:\/\/www.officina-paris.fr\/blog\/wp-content\/uploads\/2016\/03\/clemence-et-vivien-les-deodorants-bio-300x300.png 300w\" sizes=\"(max-width: 500px) 100vw, 500px\" \/><\/a><\/p>\n<p style=\"text-align: center;\">Une ligne de\u00a0<a href=\"https:\/\/www.officina-paris.fr\/fr\/225-deodorant-bio-clemence-vivien\"><strong>Baumes D\u00e9odorants aux huiles essentielles<\/strong><\/a>, trois couleurs pour trois synergies d&rsquo;huiles essentielles efficaces <strong>pour lutter contre les odeurs de transpiration<\/strong>. Des formules sans sels d&rsquo;aluminium ni pierre d\u2019alun et sans conservateurs.<\/p>\n<h5 style=\"text-align: center;\">Une collection moderne, efficace &#8211; et tr\u00e8s abordable &#8211; certifi\u00e9e\u00a0<strong>cruelty free &amp; vegan<\/strong>.<\/h5>\n<p><a href=\"https:\/\/www.officina-paris.fr\/fr\/141-clemence-vivien\"><img loading=\"lazy\" class=\"aligncenter wp-image-7970\" title=\"Cl\u00e9mence et Vivien cosm\u00e9tique bio cruelty free vegan\" src=\"https:\/\/www.officina-paris.fr\/blog\/wp-content\/uploads\/2016\/03\/clemence-et-vivien-cruelty-free-and-vegan.jpg\" alt=\"Cl\u00e9mence et Vivien cosm\u00e9tique bio cruelty free vegan\" width=\"375\" height=\"375\" srcset=\"https:\/\/www.officina-paris.fr\/blog\/wp-content\/uploads\/2016\/03\/clemence-et-vivien-cruelty-free-and-vegan.jpg 600w, https:\/\/www.officina-paris.fr\/blog\/wp-content\/uploads\/2016\/03\/clemence-et-vivien-cruelty-free-and-vegan-150x150.jpg 150w, https:\/\/www.officina-paris.fr\/blog\/wp-content\/uploads\/2016\/03\/clemence-et-vivien-cruelty-free-and-vegan-300x300.jpg 300w\" sizes=\"(max-width: 375px) 100vw, 375px\" \/><\/a><\/p>\n<h4 style=\"text-align: center;\"><a href=\"https:\/\/www.officina-paris.fr\/fr\/content\/36-clemence-et-vivien\"><span style=\"color: #333333;\">Savoir plus sur la marque Cl\u00e9mence &amp; Vivien<\/span><\/a><\/h4>\n<h6 style=\"text-align: center;\"><a href=\"https:\/\/www.officina-paris.fr\/fr\/141-clemence-vivien\">D\u00e9couvrir toute la collection de cosm\u00e9tiques bio de Cl\u00e9mence &amp; Vivien \u00e0 l&rsquo;Officina Paris<\/a><\/h6>\n","protected":false},"excerpt":{"rendered":"<p>Nouveau! Les Savons surgras et Baumes D\u00e9odorants bio aux huiles essentielles de Cl\u00e9mence &amp; Vivien sont arriv\u00e9s \u00e0 l&rsquo;Officina Paris. Jeune marque fran\u00e7aise,\u00a0Cl\u00e9mence &amp; Vivien\u00a0proposent des cosm\u00e9tiques naturels\u00a0d\u00e9velopp\u00e9s et fabriqu\u00e9s en France: des formulations d&rsquo;une qualit\u00e9\u00a0irr\u00e9prochable, des\u00a0packagings color\u00e9s et ludiques. Une collection de\u00a0Savons \u00e0 froid\u00a0con\u00e7us pour r\u00e9pondre aux diff\u00e9rents types de peau, \u00e0 base d&rsquo;ingr\u00e9dients [&hellip;]<\/p>\n","protected":false},"author":1,"featured_media":7966,"comment_status":"closed","ping_status":"open","sticky":false,"template":"","format":"gallery","meta":[],"categories":[132,1602],"tags":[215,119,472,1599,274,34,243,441,266,345,1010,1517,684,354,418,1643,1221,35,105,61,57,1605,1606,273,207,286],"yoast_head":"<!-- This site is optimized with the Yoast SEO plugin v20.6 - https:\/\/yoast.com\/wordpress\/plugins\/seo\/ -->\n<title>Cl\u00e9mence &amp; Vivien d\u00e9barquent \u00e0 l&#039;Officina! - Cosm\u00e9tiques naturels &amp; bio<\/title>\n<meta name=\"description\" content=\"Les Savons surgras et Baumes D\u00e9odorants bio aux huiles essentielles de Cl\u00e9mence &amp; Vivien sont arriv\u00e9s \u00e0 l&#039;Officina Paris. Cl\u00e9mence &amp; Vivien\u00a0proposent des cosm\u00e9tiques naturels\u00a0d\u00e9velopp\u00e9s et fabriqu\u00e9s en France: des formulations d&#039;une qualit\u00e9\u00a0irr\u00e9prochable, des\u00a0packagings color\u00e9s et ludiques.\" \/>\n<meta name=\"robots\" content=\"index, follow, max-snippet:-1, max-image-preview:large, max-video-preview:-1\" \/>\n<link rel=\"canonical\" href=\"https:\/\/www.officina-paris.fr\/blog\/clemence-vivien-debarquent-a-lofficina\" \/>\n<meta property=\"og:locale\" content=\"fr_FR\" \/>\n<meta property=\"og:type\" content=\"article\" \/>\n<meta property=\"og:title\" content=\"Cl\u00e9mence &amp; Vivien d\u00e9barquent \u00e0 l&#039;Officina! - Cosm\u00e9tiques naturels &amp; bio\" \/>\n<meta property=\"og:description\" content=\"Les Savons surgras et Baumes D\u00e9odorants bio aux huiles essentielles de Cl\u00e9mence &amp; Vivien sont arriv\u00e9s \u00e0 l&#039;Officina Paris. Cl\u00e9mence &amp; Vivien\u00a0proposent des cosm\u00e9tiques naturels\u00a0d\u00e9velopp\u00e9s et fabriqu\u00e9s en France: des formulations d&#039;une qualit\u00e9\u00a0irr\u00e9prochable, des\u00a0packagings color\u00e9s et ludiques.\" \/>\n<meta property=\"og:url\" content=\"https:\/\/www.officina-paris.fr\/blog\/clemence-vivien-debarquent-a-lofficina\" \/>\n<meta property=\"og:site_name\" content=\"Cosm\u00e9tiques naturels &amp; bio\" \/>\n<meta property=\"article:publisher\" content=\"https:\/\/www.facebook.com\/officinaparis\/\" \/>\n<meta property=\"article:published_time\" content=\"2016-03-09T10:14:40+00:00\" \/>\n<meta property=\"article:modified_time\" content=\"2022-04-03T23:27:06+00:00\" \/>\n<meta property=\"og:image\" content=\"https:\/\/www.officina-paris.fr\/blog\/wp-content\/uploads\/2016\/03\/clemence-et-vivien-logo.png\" \/>\n\t<meta property=\"og:image:width\" content=\"640\" \/>\n\t<meta property=\"og:image:height\" content=\"638\" \/>\n\t<meta property=\"og:image:type\" content=\"image\/png\" \/>\n<meta name=\"author\" content=\"l&#039;Officina\" \/>\n<meta name=\"twitter:card\" content=\"summary_large_image\" \/>\n<meta name=\"twitter:creator\" content=\"@officinaparis\" \/>\n<meta name=\"twitter:site\" content=\"@officinaparis\" \/>\n<meta name=\"twitter:label1\" content=\"\u00c9crit par\" \/>\n\t<meta name=\"twitter:data1\" content=\"l'Officina\" \/>\n\t<meta name=\"twitter:label2\" content=\"Dur\u00e9e de lecture estim\u00e9e\" \/>\n\t<meta name=\"twitter:data2\" content=\"2 minutes\" \/>\n<script type=\"application\/ld+json\" class=\"yoast-schema-graph\">{\"@context\":\"https:\/\/schema.org\",\"@graph\":[{\"@type\":\"Article\",\"@id\":\"https:\/\/www.officina-paris.fr\/blog\/clemence-vivien-debarquent-a-lofficina#article\",\"isPartOf\":{\"@id\":\"https:\/\/www.officina-paris.fr\/blog\/clemence-vivien-debarquent-a-lofficina\"},\"author\":{\"name\":\"l'Officina\",\"@id\":\"https:\/\/www.officina-paris.fr\/blog\/#\/schema\/person\/f2a3c4ef8b3568ac1e3c4a7f9d1fccd3\"},\"headline\":\"Cl\u00e9mence &#038; Vivien d\u00e9barquent \u00e0 l&rsquo;Officina!\",\"datePublished\":\"2016-03-09T10:14:40+00:00\",\"dateModified\":\"2022-04-03T23:27:06+00:00\",\"mainEntityOfPage\":{\"@id\":\"https:\/\/www.officina-paris.fr\/blog\/clemence-vivien-debarquent-a-lofficina\"},\"wordCount\":228,\"publisher\":{\"@id\":\"https:\/\/www.officina-paris.fr\/blog\/#organization\"},\"keywords\":[\"baume\",\"bio\",\"certifi\u00e9\",\"Cl\u00e9mence et Vivien\",\"corps\",\"cosm\u00e9tiques\",\"Cr\u00e8me\",\"cruelty free\",\"d\u00e9odorant\",\"douche\",\"eshop\",\"essentielle\",\"France\",\"huile\",\"Hygi\u00e8ne\",\"L'OFFICINA\",\"made in France\",\"naturel\",\"nouveau\",\"paris\",\"savon\",\"savon \u00e0 froid\",\"savon surgras\",\"soin\",\"vegan\",\"visage\"],\"articleSection\":[\"Actualit\u00e9s\",\"CLEMENCE &amp; VIVIEN\"],\"inLanguage\":\"fr-FR\"},{\"@type\":\"WebPage\",\"@id\":\"https:\/\/www.officina-paris.fr\/blog\/clemence-vivien-debarquent-a-lofficina\",\"url\":\"https:\/\/www.officina-paris.fr\/blog\/clemence-vivien-debarquent-a-lofficina\",\"name\":\"Cl\u00e9mence & Vivien d\u00e9barquent \u00e0 l'Officina! - Cosm\u00e9tiques naturels &amp; bio\",\"isPartOf\":{\"@id\":\"https:\/\/www.officina-paris.fr\/blog\/#website\"},\"datePublished\":\"2016-03-09T10:14:40+00:00\",\"dateModified\":\"2022-04-03T23:27:06+00:00\",\"description\":\"Les Savons surgras et Baumes D\u00e9odorants bio aux huiles essentielles de Cl\u00e9mence & Vivien sont arriv\u00e9s \u00e0 l'Officina Paris. Cl\u00e9mence & Vivien\u00a0proposent des cosm\u00e9tiques naturels\u00a0d\u00e9velopp\u00e9s et fabriqu\u00e9s en France: des formulations d'une qualit\u00e9\u00a0irr\u00e9prochable, des\u00a0packagings color\u00e9s et ludiques.\",\"breadcrumb\":{\"@id\":\"https:\/\/www.officina-paris.fr\/blog\/clemence-vivien-debarquent-a-lofficina#breadcrumb\"},\"inLanguage\":\"fr-FR\",\"potentialAction\":[{\"@type\":\"ReadAction\",\"target\":[\"https:\/\/www.officina-paris.fr\/blog\/clemence-vivien-debarquent-a-lofficina\"]}]},{\"@type\":\"BreadcrumbList\",\"@id\":\"https:\/\/www.officina-paris.fr\/blog\/clemence-vivien-debarquent-a-lofficina#breadcrumb\",\"itemListElement\":[{\"@type\":\"ListItem\",\"position\":1,\"name\":\"Accueil\",\"item\":\"https:\/\/www.officina-paris.fr\/blog\"},{\"@type\":\"ListItem\",\"position\":2,\"name\":\"Cl\u00e9mence &#038; Vivien d\u00e9barquent \u00e0 l&rsquo;Officina!\"}]},{\"@type\":\"WebSite\",\"@id\":\"https:\/\/www.officina-paris.fr\/blog\/#website\",\"url\":\"https:\/\/www.officina-paris.fr\/blog\/\",\"name\":\"Cosm\u00e9tiques naturels &amp; bio\",\"description\":\"\",\"publisher\":{\"@id\":\"https:\/\/www.officina-paris.fr\/blog\/#organization\"},\"potentialAction\":[{\"@type\":\"SearchAction\",\"target\":{\"@type\":\"EntryPoint\",\"urlTemplate\":\"https:\/\/www.officina-paris.fr\/blog\/?s={search_term_string}\"},\"query-input\":\"required name=search_term_string\"}],\"inLanguage\":\"fr-FR\"},{\"@type\":\"Organization\",\"@id\":\"https:\/\/www.officina-paris.fr\/blog\/#organization\",\"name\":\"l'Officina Paris\",\"url\":\"https:\/\/www.officina-paris.fr\/blog\/\",\"logo\":{\"@type\":\"ImageObject\",\"inLanguage\":\"fr-FR\",\"@id\":\"https:\/\/www.officina-paris.fr\/blog\/#\/schema\/logo\/image\/\",\"url\":\"https:\/\/www.officina-paris.fr\/blog\/wp-content\/uploads\/2012\/10\/logo-officina1.png\",\"contentUrl\":\"https:\/\/www.officina-paris.fr\/blog\/wp-content\/uploads\/2012\/10\/logo-officina1.png\",\"width\":\"250\",\"height\":\"250\",\"caption\":\"l'Officina Paris\"},\"image\":{\"@id\":\"https:\/\/www.officina-paris.fr\/blog\/#\/schema\/logo\/image\/\"},\"sameAs\":[\"https:\/\/www.facebook.com\/officinaparis\/\",\"https:\/\/twitter.com\/officinaparis\",\"https:\/\/www.instagram.com\/officinaparis\/\",\"https:\/\/www.pinterest.fr\/officinaparis\/\",\"https:\/\/www.youtube.com\/channel\/UCZz7SUwr90Uc5_4IfacScHA\"]},{\"@type\":\"Person\",\"@id\":\"https:\/\/www.officina-paris.fr\/blog\/#\/schema\/person\/f2a3c4ef8b3568ac1e3c4a7f9d1fccd3\",\"name\":\"l'Officina\",\"image\":{\"@type\":\"ImageObject\",\"inLanguage\":\"fr-FR\",\"@id\":\"https:\/\/www.officina-paris.fr\/blog\/#\/schema\/person\/image\/\",\"url\":\"https:\/\/secure.gravatar.com\/avatar\/758a12375bdb22efed70df322cef5156?s=96&d=blank&r=g\",\"contentUrl\":\"https:\/\/secure.gravatar.com\/avatar\/758a12375bdb22efed70df322cef5156?s=96&d=blank&r=g\",\"caption\":\"l'Officina\"},\"sameAs\":[\"http:\/\/www.officina-paris.fr\"],\"url\":\"https:\/\/www.officina-paris.fr\/blog\/author\/admin\"}]}<\/script>\n<!-- \/ Yoast SEO plugin. -->","yoast_head_json":{"title":"Cl\u00e9mence & Vivien d\u00e9barquent \u00e0 l'Officina! - Cosm\u00e9tiques naturels &amp; bio","description":"Les Savons surgras et Baumes D\u00e9odorants bio aux huiles essentielles de Cl\u00e9mence & Vivien sont arriv\u00e9s \u00e0 l'Officina Paris. Cl\u00e9mence & Vivien\u00a0proposent des cosm\u00e9tiques naturels\u00a0d\u00e9velopp\u00e9s et fabriqu\u00e9s en France: des formulations d'une qualit\u00e9\u00a0irr\u00e9prochable, des\u00a0packagings color\u00e9s et ludiques.","robots":{"index":"index","follow":"follow","max-snippet":"max-snippet:-1","max-image-preview":"max-image-preview:large","max-video-preview":"max-video-preview:-1"},"canonical":"https:\/\/www.officina-paris.fr\/blog\/clemence-vivien-debarquent-a-lofficina","og_locale":"fr_FR","og_type":"article","og_title":"Cl\u00e9mence & Vivien d\u00e9barquent \u00e0 l'Officina! - Cosm\u00e9tiques naturels &amp; bio","og_description":"Les Savons surgras et Baumes D\u00e9odorants bio aux huiles essentielles de Cl\u00e9mence & Vivien sont arriv\u00e9s \u00e0 l'Officina Paris. Cl\u00e9mence & Vivien\u00a0proposent des cosm\u00e9tiques naturels\u00a0d\u00e9velopp\u00e9s et fabriqu\u00e9s en France: des formulations d'une qualit\u00e9\u00a0irr\u00e9prochable, des\u00a0packagings color\u00e9s et ludiques.","og_url":"https:\/\/www.officina-paris.fr\/blog\/clemence-vivien-debarquent-a-lofficina","og_site_name":"Cosm\u00e9tiques naturels &amp; bio","article_publisher":"https:\/\/www.facebook.com\/officinaparis\/","article_published_time":"2016-03-09T10:14:40+00:00","article_modified_time":"2022-04-03T23:27:06+00:00","og_image":[{"width":640,"height":638,"url":"https:\/\/www.officina-paris.fr\/blog\/wp-content\/uploads\/2016\/03\/clemence-et-vivien-logo.png","type":"image\/png"}],"author":"l'Officina","twitter_card":"summary_large_image","twitter_creator":"@officinaparis","twitter_site":"@officinaparis","twitter_misc":{"\u00c9crit par":"l'Officina","Dur\u00e9e de lecture estim\u00e9e":"2 minutes"},"schema":{"@context":"https:\/\/schema.org","@graph":[{"@type":"Article","@id":"https:\/\/www.officina-paris.fr\/blog\/clemence-vivien-debarquent-a-lofficina#article","isPartOf":{"@id":"https:\/\/www.officina-paris.fr\/blog\/clemence-vivien-debarquent-a-lofficina"},"author":{"name":"l'Officina","@id":"https:\/\/www.officina-paris.fr\/blog\/#\/schema\/person\/f2a3c4ef8b3568ac1e3c4a7f9d1fccd3"},"headline":"Cl\u00e9mence &#038; Vivien d\u00e9barquent \u00e0 l&rsquo;Officina!","datePublished":"2016-03-09T10:14:40+00:00","dateModified":"2022-04-03T23:27:06+00:00","mainEntityOfPage":{"@id":"https:\/\/www.officina-paris.fr\/blog\/clemence-vivien-debarquent-a-lofficina"},"wordCount":228,"publisher":{"@id":"https:\/\/www.officina-paris.fr\/blog\/#organization"},"keywords":["baume","bio","certifi\u00e9","Cl\u00e9mence et Vivien","corps","cosm\u00e9tiques","Cr\u00e8me","cruelty free","d\u00e9odorant","douche","eshop","essentielle","France","huile","Hygi\u00e8ne","L'OFFICINA","made in France","naturel","nouveau","paris","savon","savon \u00e0 froid","savon surgras","soin","vegan","visage"],"articleSection":["Actualit\u00e9s","CLEMENCE &amp; VIVIEN"],"inLanguage":"fr-FR"},{"@type":"WebPage","@id":"https:\/\/www.officina-paris.fr\/blog\/clemence-vivien-debarquent-a-lofficina","url":"https:\/\/www.officina-paris.fr\/blog\/clemence-vivien-debarquent-a-lofficina","name":"Cl\u00e9mence & Vivien d\u00e9barquent \u00e0 l'Officina! - Cosm\u00e9tiques naturels &amp; bio","isPartOf":{"@id":"https:\/\/www.officina-paris.fr\/blog\/#website"},"datePublished":"2016-03-09T10:14:40+00:00","dateModified":"2022-04-03T23:27:06+00:00","description":"Les Savons surgras et Baumes D\u00e9odorants bio aux huiles essentielles de Cl\u00e9mence & Vivien sont arriv\u00e9s \u00e0 l'Officina Paris. Cl\u00e9mence & Vivien\u00a0proposent des cosm\u00e9tiques naturels\u00a0d\u00e9velopp\u00e9s et fabriqu\u00e9s en France: des formulations d'une qualit\u00e9\u00a0irr\u00e9prochable, des\u00a0packagings color\u00e9s et ludiques.","breadcrumb":{"@id":"https:\/\/www.officina-paris.fr\/blog\/clemence-vivien-debarquent-a-lofficina#breadcrumb"},"inLanguage":"fr-FR","potentialAction":[{"@type":"ReadAction","target":["https:\/\/www.officina-paris.fr\/blog\/clemence-vivien-debarquent-a-lofficina"]}]},{"@type":"BreadcrumbList","@id":"https:\/\/www.officina-paris.fr\/blog\/clemence-vivien-debarquent-a-lofficina#breadcrumb","itemListElement":[{"@type":"ListItem","position":1,"name":"Accueil","item":"https:\/\/www.officina-paris.fr\/blog"},{"@type":"ListItem","position":2,"name":"Cl\u00e9mence &#038; Vivien d\u00e9barquent \u00e0 l&rsquo;Officina!"}]},{"@type":"WebSite","@id":"https:\/\/www.officina-paris.fr\/blog\/#website","url":"https:\/\/www.officina-paris.fr\/blog\/","name":"Cosm\u00e9tiques naturels &amp; bio","description":"","publisher":{"@id":"https:\/\/www.officina-paris.fr\/blog\/#organization"},"potentialAction":[{"@type":"SearchAction","target":{"@type":"EntryPoint","urlTemplate":"https:\/\/www.officina-paris.fr\/blog\/?s={search_term_string}"},"query-input":"required name=search_term_string"}],"inLanguage":"fr-FR"},{"@type":"Organization","@id":"https:\/\/www.officina-paris.fr\/blog\/#organization","name":"l'Officina Paris","url":"https:\/\/www.officina-paris.fr\/blog\/","logo":{"@type":"ImageObject","inLanguage":"fr-FR","@id":"https:\/\/www.officina-paris.fr\/blog\/#\/schema\/logo\/image\/","url":"https:\/\/www.officina-paris.fr\/blog\/wp-content\/uploads\/2012\/10\/logo-officina1.png","contentUrl":"https:\/\/www.officina-paris.fr\/blog\/wp-content\/uploads\/2012\/10\/logo-officina1.png","width":"250","height":"250","caption":"l'Officina Paris"},"image":{"@id":"https:\/\/www.officina-paris.fr\/blog\/#\/schema\/logo\/image\/"},"sameAs":["https:\/\/www.facebook.com\/officinaparis\/","https:\/\/twitter.com\/officinaparis","https:\/\/www.instagram.com\/officinaparis\/","https:\/\/www.pinterest.fr\/officinaparis\/","https:\/\/www.youtube.com\/channel\/UCZz7SUwr90Uc5_4IfacScHA"]},{"@type":"Person","@id":"https:\/\/www.officina-paris.fr\/blog\/#\/schema\/person\/f2a3c4ef8b3568ac1e3c4a7f9d1fccd3","name":"l'Officina","image":{"@type":"ImageObject","inLanguage":"fr-FR","@id":"https:\/\/www.officina-paris.fr\/blog\/#\/schema\/person\/image\/","url":"https:\/\/secure.gravatar.com\/avatar\/758a12375bdb22efed70df322cef5156?s=96&d=blank&r=g","contentUrl":"https:\/\/secure.gravatar.com\/avatar\/758a12375bdb22efed70df322cef5156?s=96&d=blank&r=g","caption":"l'Officina"},"sameAs":["http:\/\/www.officina-paris.fr"],"url":"https:\/\/www.officina-paris.fr\/blog\/author\/admin"}]}},"_links":{"self":[{"href":"https:\/\/www.officina-paris.fr\/blog\/wp-json\/wp\/v2\/posts\/7965"}],"collection":[{"href":"https:\/\/www.officina-paris.fr\/blog\/wp-json\/wp\/v2\/posts"}],"about":[{"href":"https:\/\/www.officina-paris.fr\/blog\/wp-json\/wp\/v2\/types\/post"}],"author":[{"embeddable":true,"href":"https:\/\/www.officina-paris.fr\/blog\/wp-json\/wp\/v2\/users\/1"}],"replies":[{"embeddable":true,"href":"https:\/\/www.officina-paris.fr\/blog\/wp-json\/wp\/v2\/comments?post=7965"}],"version-history":[{"count":1,"href":"https:\/\/www.officina-paris.fr\/blog\/wp-json\/wp\/v2\/posts\/7965\/revisions"}],"predecessor-version":[{"id":14121,"href":"https:\/\/www.officina-paris.fr\/blog\/wp-json\/wp\/v2\/posts\/7965\/revisions\/14121"}],"wp:featuredmedia":[{"embeddable":true,"href":"https:\/\/www.officina-paris.fr\/blog\/wp-json\/wp\/v2\/media\/7966"}],"wp:attachment":[{"href":"https:\/\/www.officina-paris.fr\/blog\/wp-json\/wp\/v2\/media?parent=7965"}],"wp:term":[{"taxonomy":"category","embeddable":true,"href":"https:\/\/www.officina-paris.fr\/blog\/wp-json\/wp\/v2\/categories?post=7965"},{"taxonomy":"post_tag","embeddable":true,"href":"https:\/\/www.officina-paris.fr\/blog\/wp-json\/wp\/v2\/tags?post=7965"}],"curies":[{"name":"wp","href":"https:\/\/api.w.org\/{rel}","templated":true}]}}