{"id":8969,"date":"2017-10-08T01:23:12","date_gmt":"2017-10-07T23:23:12","guid":{"rendered":"http:\/\/www.officina-paris.fr\/blog\/?p=8969"},"modified":"2022-04-08T01:18:30","modified_gmt":"2022-04-07T23:18:30","slug":"soapwalla-deodorants-cremes-peaux-sensibles","status":"publish","type":"post","link":"https:\/\/www.officina-paris.fr\/blog\/soapwalla-deodorants-cremes-peaux-sensibles","title":{"rendered":"SOAPWALLA: D\u00e9odorants Cr\u00e8mes Peaux Sensibles"},"content":{"rendered":"<p><strong>Une formule d\u00e9di\u00e9e aux peaux les plus sensibles!<\/strong><\/p>\n<p><strong>Les <a href=\"https:\/\/www.officina-paris.fr\/fr\/93-deodorant\">D\u00e9odorants-Cr\u00e8me D\u00e9licats<\/a> <a href=\"https:\/\/www.officina-paris.fr\/fr\/160-soapwalla-kitchen\">SOAPWALLA<\/a>!<\/strong><\/p>\n<p><a href=\"https:\/\/www.officina-paris.fr\/fr\/160-soapwalla-kitchen\"><img loading=\"lazy\" class=\"aligncenter size-full wp-image-8971\" src=\"https:\/\/www.officina-paris.fr\/blog\/wp-content\/uploads\/2017\/10\/soapwalla-deodorant-delicat-lavande-menthe-bio-naturel-all.jpg\" alt=\"\" width=\"800\" height=\"800\" srcset=\"https:\/\/www.officina-paris.fr\/blog\/wp-content\/uploads\/2017\/10\/soapwalla-deodorant-delicat-lavande-menthe-bio-naturel-all.jpg 800w, https:\/\/www.officina-paris.fr\/blog\/wp-content\/uploads\/2017\/10\/soapwalla-deodorant-delicat-lavande-menthe-bio-naturel-all-150x150.jpg 150w, https:\/\/www.officina-paris.fr\/blog\/wp-content\/uploads\/2017\/10\/soapwalla-deodorant-delicat-lavande-menthe-bio-naturel-all-300x300.jpg 300w, https:\/\/www.officina-paris.fr\/blog\/wp-content\/uploads\/2017\/10\/soapwalla-deodorant-delicat-lavande-menthe-bio-naturel-all-768x768.jpg 768w\" sizes=\"(max-width: 800px) 100vw, 800px\" \/><\/a><\/p>\n<h4><strong>Aisselles sensibles ?<\/strong><\/h4>\n<p>Apr\u00e8s 5 ans de recherche et d\u00e9veloppement dans son laboratoire, Rachel Winard a mis au point cette version sans bicarbonate de ses 2 best-sellers pour tous ceux qui sont frustr\u00e9s de pas pouvoir utiliser les d\u00e9odorants <a href=\"https:\/\/www.officina-paris.fr\/fr\/page\/23-soapwalla-deodorant\">SOAPWALLA<\/a> \u00e0 cause de leur peau sensible et r\u00e9active !<\/p>\n<p>Les nouveaux <strong><a href=\"https:\/\/www.officina-paris.fr\/fr\/93-deodorant\">D\u00e9odorants Cr\u00e8mes<\/a> \u00ab d\u00e9licats \u00bb<\/strong> <a href=\"https:\/\/www.officina-paris.fr\/fr\/page\/23-soapwalla-deodorant\">SOAPWALLA<\/a>,\u00a0<strong>sans bicarbonate de soude<\/strong>, offrent une protection efficace et douce. Ils fondent instantan\u00e9ment sur la peau, absorbent l\u2019humidit\u00e9 et inhibent le d\u00e9veloppement des bact\u00e9ries pour une sensation de fraicheur toute la journ\u00e9e !<\/p>\n<p><a href=\"https:\/\/www.officina-paris.fr\/fr\/160-soapwalla-kitchen\"><img loading=\"lazy\" class=\"aligncenter wp-image-8976 size-full\" src=\"https:\/\/www.officina-paris.fr\/blog\/wp-content\/uploads\/2017\/10\/soapwalla-logo.png\" alt=\"\" width=\"200\" height=\"229\" \/><\/a><\/p>\n<div title=\"Page 1\">\n<div>\n<p><strong><u>Sans bicarbonate mais pourtant toujours aussi efficaces<\/u>\u00a0!<\/strong><\/p>\n<ul>\n<li>Le\u00a0<strong>Charbon\u00a0<\/strong>et l\u2019<strong>Herbe aux Massues<\/strong>\u00a0(aussi appel\u00e9e foug\u00e8re \u00ab\u00a0club moss\u00a0\u00bb) absorbent la sueur en exc\u00e8s et d\u00e9sodorisent naturellement, pour une fraicheur inimitable!<\/li>\n<li>Le Beurre de\u00a0<strong>Karit\u00e9<\/strong>\u00a0et le\u00a0<strong>Jojoba<\/strong>\u00a0apaisent et adoucissent les peaux sensibles.<\/li>\n<li>Les huiles essentielles de\u00a0<strong>Cajeput<\/strong>\u00a0et\u00a0<strong>Palmarosa<\/strong>\u00a0ont des propri\u00e9t\u00e9s antibact\u00e9riennes, antifongiques et antimicrobiennes et forment une barri\u00e8re redoutable contre le d\u00e9veloppement des odeurs de transpiration !<\/li>\n<\/ul>\n<\/div>\n<div>\n<p><u><strong>Conseils d&rsquo;utilisation<\/strong><\/u>\u00a0:<br \/>\nPrendre une noisette de d\u00e9dorant cr\u00e8me sur le bout des doigts et appliquer sur l\u2019aisselle en massant doucement.<br \/>\n<em>Ne vous inqui\u00e9tez pas de sa jolie teinte tr\u00e8s originale ! Elle s\u2019estompe et disparait \u00e0 l\u2019application !<\/em><\/p>\n<\/div>\n<\/div>\n<p><em><strong>Disponible en version <a href=\"https:\/\/www.officina-paris.fr\/fr\/deodorant\/1050-soapwalla-deodorant-creme-naturel-delicat-citrus.html\">Citrus<\/a> et <a href=\"https:\/\/www.officina-paris.fr\/fr\/deodorant\/1051-soapwalla-deodorant-creme-naturel-delicat-lavande-menthe.html\">Lavande Menthe<\/a>\u00a0<\/strong><\/em><\/p>\n<div title=\"Page 2\">\n<p><em><strong>18,90 \u20ac TTC<\/strong>\u00a0&#8211; pot 57 ml<\/em><\/p>\n<p><a href=\"https:\/\/www.officina-paris.fr\/fr\/deodorant\/1050-soapwalla-deodorant-creme-naturel-delicat-citrus.html\"><img loading=\"lazy\" class=\"alignleft wp-image-8973\" src=\"https:\/\/www.officina-paris.fr\/blog\/wp-content\/uploads\/2017\/10\/soapwalla-deodorant-delicat-citrus-bio-naturel-closed-300x300.jpg\" alt=\"SOAPWALLA - D\u00e9odorant cr\u00e8me naturel D\u00c9LICAT Citrus\" width=\"280\" height=\"280\" srcset=\"https:\/\/www.officina-paris.fr\/blog\/wp-content\/uploads\/2017\/10\/soapwalla-deodorant-delicat-citrus-bio-naturel-closed-300x300.jpg 300w, https:\/\/www.officina-paris.fr\/blog\/wp-content\/uploads\/2017\/10\/soapwalla-deodorant-delicat-citrus-bio-naturel-closed-150x150.jpg 150w, https:\/\/www.officina-paris.fr\/blog\/wp-content\/uploads\/2017\/10\/soapwalla-deodorant-delicat-citrus-bio-naturel-closed-768x768.jpg 768w, https:\/\/www.officina-paris.fr\/blog\/wp-content\/uploads\/2017\/10\/soapwalla-deodorant-delicat-citrus-bio-naturel-closed.jpg 800w\" sizes=\"(max-width: 280px) 100vw, 280px\" \/><\/a><\/p>\n<p><a href=\"https:\/\/www.officina-paris.fr\/fr\/deodorant\/1051-soapwalla-deodorant-creme-naturel-delicat-lavande-menthe.html\"><img loading=\"lazy\" class=\"alignleft wp-image-8972\" src=\"https:\/\/www.officina-paris.fr\/blog\/wp-content\/uploads\/2017\/10\/soapwalla-deodorant-delicat-lavande-menthe-bio-naturel-closed-300x300.jpg\" alt=\"SOAPWALLA - D\u00e9odorant cr\u00e8me naturel D\u00c9LICAT Lavande Menthe\" width=\"280\" height=\"280\" srcset=\"https:\/\/www.officina-paris.fr\/blog\/wp-content\/uploads\/2017\/10\/soapwalla-deodorant-delicat-lavande-menthe-bio-naturel-closed-300x300.jpg 300w, https:\/\/www.officina-paris.fr\/blog\/wp-content\/uploads\/2017\/10\/soapwalla-deodorant-delicat-lavande-menthe-bio-naturel-closed-150x150.jpg 150w, https:\/\/www.officina-paris.fr\/blog\/wp-content\/uploads\/2017\/10\/soapwalla-deodorant-delicat-lavande-menthe-bio-naturel-closed-768x768.jpg 768w, https:\/\/www.officina-paris.fr\/blog\/wp-content\/uploads\/2017\/10\/soapwalla-deodorant-delicat-lavande-menthe-bio-naturel-closed.jpg 800w\" sizes=\"(max-width: 280px) 100vw, 280px\" \/><\/a><\/p>\n<\/div>\n","protected":false},"excerpt":{"rendered":"<p>Une formule d\u00e9di\u00e9e aux peaux les plus sensibles! Les D\u00e9odorants-Cr\u00e8me D\u00e9licats SOAPWALLA! Aisselles sensibles ? Apr\u00e8s 5 ans de recherche et d\u00e9veloppement dans son laboratoire, Rachel Winard a mis au point cette version sans bicarbonate de ses 2 best-sellers pour tous ceux qui sont frustr\u00e9s de pas pouvoir utiliser les d\u00e9odorants SOAPWALLA \u00e0 cause de [&hellip;]<\/p>\n","protected":false},"author":1,"featured_media":8971,"comment_status":"closed","ping_status":"open","sticky":false,"template":"","format":"gallery","meta":[],"categories":[132],"tags":[1192,119,1191,337,243,441,956,266,167,312,525,35,105,344,1798,1867,532,1296,265,273,803,207],"yoast_head":"<!-- This site is optimized with the Yoast SEO plugin v20.6 - https:\/\/yoast.com\/wordpress\/plugins\/seo\/ -->\n<title>SOAPWALLA: D\u00e9odorants Cr\u00e8mes Peaux Sensibles - Cosm\u00e9tiques naturels &amp; bio<\/title>\n<meta name=\"description\" content=\"Les nouveaux D\u00e9odorants Cr\u00e8mes \u00ab d\u00e9licats \u00bb SOAPWALLA,\u00a0sans bicarbonate de soude, offrent une protection efficace et douce. Ils fondent instantan\u00e9ment sur la peau, absorbent l\u2019humidit\u00e9 et inhibent le d\u00e9veloppement des bact\u00e9ries pour une sensation de fraicheur toute la journ\u00e9e !\" \/>\n<meta name=\"robots\" content=\"index, follow, max-snippet:-1, max-image-preview:large, max-video-preview:-1\" \/>\n<link rel=\"canonical\" href=\"https:\/\/www.officina-paris.fr\/blog\/soapwalla-deodorants-cremes-peaux-sensibles\" \/>\n<meta property=\"og:locale\" content=\"fr_FR\" \/>\n<meta property=\"og:type\" content=\"article\" \/>\n<meta property=\"og:title\" content=\"SOAPWALLA: D\u00e9odorants Cr\u00e8mes Peaux Sensibles - Cosm\u00e9tiques naturels &amp; bio\" \/>\n<meta property=\"og:description\" content=\"Les nouveaux D\u00e9odorants Cr\u00e8mes \u00ab d\u00e9licats \u00bb SOAPWALLA,\u00a0sans bicarbonate de soude, offrent une protection efficace et douce. Ils fondent instantan\u00e9ment sur la peau, absorbent l\u2019humidit\u00e9 et inhibent le d\u00e9veloppement des bact\u00e9ries pour une sensation de fraicheur toute la journ\u00e9e !\" \/>\n<meta property=\"og:url\" content=\"https:\/\/www.officina-paris.fr\/blog\/soapwalla-deodorants-cremes-peaux-sensibles\" \/>\n<meta property=\"og:site_name\" content=\"Cosm\u00e9tiques naturels &amp; bio\" \/>\n<meta property=\"article:publisher\" content=\"https:\/\/www.facebook.com\/officinaparis\/\" \/>\n<meta property=\"article:published_time\" content=\"2017-10-07T23:23:12+00:00\" \/>\n<meta property=\"article:modified_time\" content=\"2022-04-07T23:18:30+00:00\" \/>\n<meta property=\"og:image\" content=\"https:\/\/www.officina-paris.fr\/blog\/wp-content\/uploads\/2017\/10\/soapwalla-deodorant-delicat-lavande-menthe-bio-naturel-all.jpg\" \/>\n\t<meta property=\"og:image:width\" content=\"800\" \/>\n\t<meta property=\"og:image:height\" content=\"800\" \/>\n\t<meta property=\"og:image:type\" content=\"image\/jpeg\" \/>\n<meta name=\"author\" content=\"l&#039;Officina\" \/>\n<meta name=\"twitter:card\" content=\"summary_large_image\" \/>\n<meta name=\"twitter:creator\" content=\"@officinaparis\" \/>\n<meta name=\"twitter:site\" content=\"@officinaparis\" \/>\n<meta name=\"twitter:label1\" content=\"\u00c9crit par\" \/>\n\t<meta name=\"twitter:data1\" content=\"l'Officina\" \/>\n\t<meta name=\"twitter:label2\" content=\"Dur\u00e9e de lecture estim\u00e9e\" \/>\n\t<meta name=\"twitter:data2\" content=\"2 minutes\" \/>\n<script type=\"application\/ld+json\" class=\"yoast-schema-graph\">{\"@context\":\"https:\/\/schema.org\",\"@graph\":[{\"@type\":\"Article\",\"@id\":\"https:\/\/www.officina-paris.fr\/blog\/soapwalla-deodorants-cremes-peaux-sensibles#article\",\"isPartOf\":{\"@id\":\"https:\/\/www.officina-paris.fr\/blog\/soapwalla-deodorants-cremes-peaux-sensibles\"},\"author\":{\"name\":\"l'Officina\",\"@id\":\"https:\/\/www.officina-paris.fr\/blog\/#\/schema\/person\/f2a3c4ef8b3568ac1e3c4a7f9d1fccd3\"},\"headline\":\"SOAPWALLA: D\u00e9odorants Cr\u00e8mes Peaux Sensibles\",\"datePublished\":\"2017-10-07T23:23:12+00:00\",\"dateModified\":\"2022-04-07T23:18:30+00:00\",\"mainEntityOfPage\":{\"@id\":\"https:\/\/www.officina-paris.fr\/blog\/soapwalla-deodorants-cremes-peaux-sensibles\"},\"wordCount\":251,\"publisher\":{\"@id\":\"https:\/\/www.officina-paris.fr\/blog\/#organization\"},\"keywords\":[\"agrumes\",\"bio\",\"citrus\",\"cosm\u00e9tique\",\"Cr\u00e8me\",\"cruelty free\",\"d\u00e9licat\",\"d\u00e9odorant\",\"green\",\"lavande\",\"menthe\",\"naturel\",\"nouveau\",\"peau\",\"sans aluminium\",\"sans bicarbonate\",\"sensible\",\"Sensitiv\",\"Soapwalla\",\"soin\",\"vanille\",\"vegan\"],\"articleSection\":[\"Actualit\u00e9s\"],\"inLanguage\":\"fr-FR\"},{\"@type\":\"WebPage\",\"@id\":\"https:\/\/www.officina-paris.fr\/blog\/soapwalla-deodorants-cremes-peaux-sensibles\",\"url\":\"https:\/\/www.officina-paris.fr\/blog\/soapwalla-deodorants-cremes-peaux-sensibles\",\"name\":\"SOAPWALLA: D\u00e9odorants Cr\u00e8mes Peaux Sensibles - Cosm\u00e9tiques naturels &amp; bio\",\"isPartOf\":{\"@id\":\"https:\/\/www.officina-paris.fr\/blog\/#website\"},\"datePublished\":\"2017-10-07T23:23:12+00:00\",\"dateModified\":\"2022-04-07T23:18:30+00:00\",\"description\":\"Les nouveaux D\u00e9odorants Cr\u00e8mes \u00ab d\u00e9licats \u00bb SOAPWALLA,\u00a0sans bicarbonate de soude, offrent une protection efficace et douce. Ils fondent instantan\u00e9ment sur la peau, absorbent l\u2019humidit\u00e9 et inhibent le d\u00e9veloppement des bact\u00e9ries pour une sensation de fraicheur toute la journ\u00e9e !\",\"breadcrumb\":{\"@id\":\"https:\/\/www.officina-paris.fr\/blog\/soapwalla-deodorants-cremes-peaux-sensibles#breadcrumb\"},\"inLanguage\":\"fr-FR\",\"potentialAction\":[{\"@type\":\"ReadAction\",\"target\":[\"https:\/\/www.officina-paris.fr\/blog\/soapwalla-deodorants-cremes-peaux-sensibles\"]}]},{\"@type\":\"BreadcrumbList\",\"@id\":\"https:\/\/www.officina-paris.fr\/blog\/soapwalla-deodorants-cremes-peaux-sensibles#breadcrumb\",\"itemListElement\":[{\"@type\":\"ListItem\",\"position\":1,\"name\":\"Accueil\",\"item\":\"https:\/\/www.officina-paris.fr\/blog\"},{\"@type\":\"ListItem\",\"position\":2,\"name\":\"SOAPWALLA: D\u00e9odorants Cr\u00e8mes Peaux Sensibles\"}]},{\"@type\":\"WebSite\",\"@id\":\"https:\/\/www.officina-paris.fr\/blog\/#website\",\"url\":\"https:\/\/www.officina-paris.fr\/blog\/\",\"name\":\"Cosm\u00e9tiques naturels &amp; bio\",\"description\":\"\",\"publisher\":{\"@id\":\"https:\/\/www.officina-paris.fr\/blog\/#organization\"},\"potentialAction\":[{\"@type\":\"SearchAction\",\"target\":{\"@type\":\"EntryPoint\",\"urlTemplate\":\"https:\/\/www.officina-paris.fr\/blog\/?s={search_term_string}\"},\"query-input\":\"required name=search_term_string\"}],\"inLanguage\":\"fr-FR\"},{\"@type\":\"Organization\",\"@id\":\"https:\/\/www.officina-paris.fr\/blog\/#organization\",\"name\":\"l'Officina Paris\",\"url\":\"https:\/\/www.officina-paris.fr\/blog\/\",\"logo\":{\"@type\":\"ImageObject\",\"inLanguage\":\"fr-FR\",\"@id\":\"https:\/\/www.officina-paris.fr\/blog\/#\/schema\/logo\/image\/\",\"url\":\"https:\/\/www.officina-paris.fr\/blog\/wp-content\/uploads\/2012\/10\/logo-officina1.png\",\"contentUrl\":\"https:\/\/www.officina-paris.fr\/blog\/wp-content\/uploads\/2012\/10\/logo-officina1.png\",\"width\":\"250\",\"height\":\"250\",\"caption\":\"l'Officina Paris\"},\"image\":{\"@id\":\"https:\/\/www.officina-paris.fr\/blog\/#\/schema\/logo\/image\/\"},\"sameAs\":[\"https:\/\/www.facebook.com\/officinaparis\/\",\"https:\/\/twitter.com\/officinaparis\",\"https:\/\/www.instagram.com\/officinaparis\/\",\"https:\/\/www.pinterest.fr\/officinaparis\/\",\"https:\/\/www.youtube.com\/channel\/UCZz7SUwr90Uc5_4IfacScHA\"]},{\"@type\":\"Person\",\"@id\":\"https:\/\/www.officina-paris.fr\/blog\/#\/schema\/person\/f2a3c4ef8b3568ac1e3c4a7f9d1fccd3\",\"name\":\"l'Officina\",\"image\":{\"@type\":\"ImageObject\",\"inLanguage\":\"fr-FR\",\"@id\":\"https:\/\/www.officina-paris.fr\/blog\/#\/schema\/person\/image\/\",\"url\":\"https:\/\/secure.gravatar.com\/avatar\/758a12375bdb22efed70df322cef5156?s=96&d=blank&r=g\",\"contentUrl\":\"https:\/\/secure.gravatar.com\/avatar\/758a12375bdb22efed70df322cef5156?s=96&d=blank&r=g\",\"caption\":\"l'Officina\"},\"sameAs\":[\"http:\/\/www.officina-paris.fr\"],\"url\":\"https:\/\/www.officina-paris.fr\/blog\/author\/admin\"}]}<\/script>\n<!-- \/ Yoast SEO plugin. -->","yoast_head_json":{"title":"SOAPWALLA: D\u00e9odorants Cr\u00e8mes Peaux Sensibles - Cosm\u00e9tiques naturels &amp; bio","description":"Les nouveaux D\u00e9odorants Cr\u00e8mes \u00ab d\u00e9licats \u00bb SOAPWALLA,\u00a0sans bicarbonate de soude, offrent une protection efficace et douce. Ils fondent instantan\u00e9ment sur la peau, absorbent l\u2019humidit\u00e9 et inhibent le d\u00e9veloppement des bact\u00e9ries pour une sensation de fraicheur toute la journ\u00e9e !","robots":{"index":"index","follow":"follow","max-snippet":"max-snippet:-1","max-image-preview":"max-image-preview:large","max-video-preview":"max-video-preview:-1"},"canonical":"https:\/\/www.officina-paris.fr\/blog\/soapwalla-deodorants-cremes-peaux-sensibles","og_locale":"fr_FR","og_type":"article","og_title":"SOAPWALLA: D\u00e9odorants Cr\u00e8mes Peaux Sensibles - Cosm\u00e9tiques naturels &amp; bio","og_description":"Les nouveaux D\u00e9odorants Cr\u00e8mes \u00ab d\u00e9licats \u00bb SOAPWALLA,\u00a0sans bicarbonate de soude, offrent une protection efficace et douce. Ils fondent instantan\u00e9ment sur la peau, absorbent l\u2019humidit\u00e9 et inhibent le d\u00e9veloppement des bact\u00e9ries pour une sensation de fraicheur toute la journ\u00e9e !","og_url":"https:\/\/www.officina-paris.fr\/blog\/soapwalla-deodorants-cremes-peaux-sensibles","og_site_name":"Cosm\u00e9tiques naturels &amp; bio","article_publisher":"https:\/\/www.facebook.com\/officinaparis\/","article_published_time":"2017-10-07T23:23:12+00:00","article_modified_time":"2022-04-07T23:18:30+00:00","og_image":[{"width":800,"height":800,"url":"https:\/\/www.officina-paris.fr\/blog\/wp-content\/uploads\/2017\/10\/soapwalla-deodorant-delicat-lavande-menthe-bio-naturel-all.jpg","type":"image\/jpeg"}],"author":"l'Officina","twitter_card":"summary_large_image","twitter_creator":"@officinaparis","twitter_site":"@officinaparis","twitter_misc":{"\u00c9crit par":"l'Officina","Dur\u00e9e de lecture estim\u00e9e":"2 minutes"},"schema":{"@context":"https:\/\/schema.org","@graph":[{"@type":"Article","@id":"https:\/\/www.officina-paris.fr\/blog\/soapwalla-deodorants-cremes-peaux-sensibles#article","isPartOf":{"@id":"https:\/\/www.officina-paris.fr\/blog\/soapwalla-deodorants-cremes-peaux-sensibles"},"author":{"name":"l'Officina","@id":"https:\/\/www.officina-paris.fr\/blog\/#\/schema\/person\/f2a3c4ef8b3568ac1e3c4a7f9d1fccd3"},"headline":"SOAPWALLA: D\u00e9odorants Cr\u00e8mes Peaux Sensibles","datePublished":"2017-10-07T23:23:12+00:00","dateModified":"2022-04-07T23:18:30+00:00","mainEntityOfPage":{"@id":"https:\/\/www.officina-paris.fr\/blog\/soapwalla-deodorants-cremes-peaux-sensibles"},"wordCount":251,"publisher":{"@id":"https:\/\/www.officina-paris.fr\/blog\/#organization"},"keywords":["agrumes","bio","citrus","cosm\u00e9tique","Cr\u00e8me","cruelty free","d\u00e9licat","d\u00e9odorant","green","lavande","menthe","naturel","nouveau","peau","sans aluminium","sans bicarbonate","sensible","Sensitiv","Soapwalla","soin","vanille","vegan"],"articleSection":["Actualit\u00e9s"],"inLanguage":"fr-FR"},{"@type":"WebPage","@id":"https:\/\/www.officina-paris.fr\/blog\/soapwalla-deodorants-cremes-peaux-sensibles","url":"https:\/\/www.officina-paris.fr\/blog\/soapwalla-deodorants-cremes-peaux-sensibles","name":"SOAPWALLA: D\u00e9odorants Cr\u00e8mes Peaux Sensibles - Cosm\u00e9tiques naturels &amp; bio","isPartOf":{"@id":"https:\/\/www.officina-paris.fr\/blog\/#website"},"datePublished":"2017-10-07T23:23:12+00:00","dateModified":"2022-04-07T23:18:30+00:00","description":"Les nouveaux D\u00e9odorants Cr\u00e8mes \u00ab d\u00e9licats \u00bb SOAPWALLA,\u00a0sans bicarbonate de soude, offrent une protection efficace et douce. Ils fondent instantan\u00e9ment sur la peau, absorbent l\u2019humidit\u00e9 et inhibent le d\u00e9veloppement des bact\u00e9ries pour une sensation de fraicheur toute la journ\u00e9e !","breadcrumb":{"@id":"https:\/\/www.officina-paris.fr\/blog\/soapwalla-deodorants-cremes-peaux-sensibles#breadcrumb"},"inLanguage":"fr-FR","potentialAction":[{"@type":"ReadAction","target":["https:\/\/www.officina-paris.fr\/blog\/soapwalla-deodorants-cremes-peaux-sensibles"]}]},{"@type":"BreadcrumbList","@id":"https:\/\/www.officina-paris.fr\/blog\/soapwalla-deodorants-cremes-peaux-sensibles#breadcrumb","itemListElement":[{"@type":"ListItem","position":1,"name":"Accueil","item":"https:\/\/www.officina-paris.fr\/blog"},{"@type":"ListItem","position":2,"name":"SOAPWALLA: D\u00e9odorants Cr\u00e8mes Peaux Sensibles"}]},{"@type":"WebSite","@id":"https:\/\/www.officina-paris.fr\/blog\/#website","url":"https:\/\/www.officina-paris.fr\/blog\/","name":"Cosm\u00e9tiques naturels &amp; bio","description":"","publisher":{"@id":"https:\/\/www.officina-paris.fr\/blog\/#organization"},"potentialAction":[{"@type":"SearchAction","target":{"@type":"EntryPoint","urlTemplate":"https:\/\/www.officina-paris.fr\/blog\/?s={search_term_string}"},"query-input":"required name=search_term_string"}],"inLanguage":"fr-FR"},{"@type":"Organization","@id":"https:\/\/www.officina-paris.fr\/blog\/#organization","name":"l'Officina Paris","url":"https:\/\/www.officina-paris.fr\/blog\/","logo":{"@type":"ImageObject","inLanguage":"fr-FR","@id":"https:\/\/www.officina-paris.fr\/blog\/#\/schema\/logo\/image\/","url":"https:\/\/www.officina-paris.fr\/blog\/wp-content\/uploads\/2012\/10\/logo-officina1.png","contentUrl":"https:\/\/www.officina-paris.fr\/blog\/wp-content\/uploads\/2012\/10\/logo-officina1.png","width":"250","height":"250","caption":"l'Officina Paris"},"image":{"@id":"https:\/\/www.officina-paris.fr\/blog\/#\/schema\/logo\/image\/"},"sameAs":["https:\/\/www.facebook.com\/officinaparis\/","https:\/\/twitter.com\/officinaparis","https:\/\/www.instagram.com\/officinaparis\/","https:\/\/www.pinterest.fr\/officinaparis\/","https:\/\/www.youtube.com\/channel\/UCZz7SUwr90Uc5_4IfacScHA"]},{"@type":"Person","@id":"https:\/\/www.officina-paris.fr\/blog\/#\/schema\/person\/f2a3c4ef8b3568ac1e3c4a7f9d1fccd3","name":"l'Officina","image":{"@type":"ImageObject","inLanguage":"fr-FR","@id":"https:\/\/www.officina-paris.fr\/blog\/#\/schema\/person\/image\/","url":"https:\/\/secure.gravatar.com\/avatar\/758a12375bdb22efed70df322cef5156?s=96&d=blank&r=g","contentUrl":"https:\/\/secure.gravatar.com\/avatar\/758a12375bdb22efed70df322cef5156?s=96&d=blank&r=g","caption":"l'Officina"},"sameAs":["http:\/\/www.officina-paris.fr"],"url":"https:\/\/www.officina-paris.fr\/blog\/author\/admin"}]}},"_links":{"self":[{"href":"https:\/\/www.officina-paris.fr\/blog\/wp-json\/wp\/v2\/posts\/8969"}],"collection":[{"href":"https:\/\/www.officina-paris.fr\/blog\/wp-json\/wp\/v2\/posts"}],"about":[{"href":"https:\/\/www.officina-paris.fr\/blog\/wp-json\/wp\/v2\/types\/post"}],"author":[{"embeddable":true,"href":"https:\/\/www.officina-paris.fr\/blog\/wp-json\/wp\/v2\/users\/1"}],"replies":[{"embeddable":true,"href":"https:\/\/www.officina-paris.fr\/blog\/wp-json\/wp\/v2\/comments?post=8969"}],"version-history":[{"count":2,"href":"https:\/\/www.officina-paris.fr\/blog\/wp-json\/wp\/v2\/posts\/8969\/revisions"}],"predecessor-version":[{"id":14325,"href":"https:\/\/www.officina-paris.fr\/blog\/wp-json\/wp\/v2\/posts\/8969\/revisions\/14325"}],"wp:featuredmedia":[{"embeddable":true,"href":"https:\/\/www.officina-paris.fr\/blog\/wp-json\/wp\/v2\/media\/8971"}],"wp:attachment":[{"href":"https:\/\/www.officina-paris.fr\/blog\/wp-json\/wp\/v2\/media?parent=8969"}],"wp:term":[{"taxonomy":"category","embeddable":true,"href":"https:\/\/www.officina-paris.fr\/blog\/wp-json\/wp\/v2\/categories?post=8969"},{"taxonomy":"post_tag","embeddable":true,"href":"https:\/\/www.officina-paris.fr\/blog\/wp-json\/wp\/v2\/tags?post=8969"}],"curies":[{"name":"wp","href":"https:\/\/api.w.org\/{rel}","templated":true}]}}